{"id":947,"date":"2020-11-14T11:40:44","date_gmt":"2020-11-14T10:40:44","guid":{"rendered":"https:\/\/zadducarnet.org\/?p=947"},"modified":"2021-01-10T18:09:31","modified_gmt":"2021-01-10T17:09:31","slug":"des-cameras-cachees-sur-la-zad-pour-surveiller-les-militantes","status":"publish","type":"post","link":"https:\/\/zadducarnet.org\/index.php\/2020\/11\/14\/des-cameras-cachees-sur-la-zad-pour-surveiller-les-militantes\/","title":{"rendered":"Des cam\u00e9ras cach\u00e9es sur la ZAD pour surveiller les militant\u00b7es !"},"content":{"rendered":"\n<p>C&rsquo;est un impressionnant dispositif de vid\u00e9osurveillance qui a \u00e9t\u00e9 trouv\u00e9 par des militant\u00b7es de la ZAD du Carnet le 31 ao\u00fbt 2020. Des cam\u00e9ras \u00e9taient dissimul\u00e9es dans des fausses pierres, des faux troncs d\u2019arbres et le tout \u00e9tait reli\u00e9 \u00e0 des modems, des puces GPS et des batteries de grande capacit\u00e9.<\/p>\n\n\n\n<figure class=\"wp-block-gallery alignwide columns-2 is-cropped wp-block-gallery-1 is-layout-flex wp-block-gallery-is-layout-flex\"><ul class=\"blocks-gallery-grid\"><li class=\"blocks-gallery-item\"><figure><img loading=\"lazy\" decoding=\"async\" width=\"768\" height=\"1024\" src=\"https:\/\/zadducarnet.org\/wp-content\/uploads\/2020\/11\/3.1-faux-tronc-darbre-e1605350405664.jpeg\" alt=\"\" data-id=\"951\" data-full-url=\"https:\/\/zadducarnet.org\/wp-content\/uploads\/2020\/11\/3.1-faux-tronc-darbre-e1605350405664.jpeg\" data-link=\"https:\/\/zadducarnet.org\/?attachment_id=951\" class=\"wp-image-951\" srcset=\"https:\/\/zadducarnet.org\/wp-content\/uploads\/2020\/11\/3.1-faux-tronc-darbre-e1605350405664.jpeg 768w, https:\/\/zadducarnet.org\/wp-content\/uploads\/2020\/11\/3.1-faux-tronc-darbre-e1605350405664-225x300.jpeg 225w\" sizes=\"auto, (max-width: 768px) 100vw, 768px\" \/><\/figure><\/li><li class=\"blocks-gallery-item\"><figure><img loading=\"lazy\" decoding=\"async\" width=\"1024\" height=\"768\" src=\"https:\/\/zadducarnet.org\/wp-content\/uploads\/2020\/11\/3-fausse-pierre.jpeg\" alt=\"\" data-id=\"952\" data-full-url=\"https:\/\/zadducarnet.org\/wp-content\/uploads\/2020\/11\/3-fausse-pierre.jpeg\" data-link=\"https:\/\/zadducarnet.org\/?attachment_id=952\" class=\"wp-image-952\" srcset=\"https:\/\/zadducarnet.org\/wp-content\/uploads\/2020\/11\/3-fausse-pierre.jpeg 1024w, https:\/\/zadducarnet.org\/wp-content\/uploads\/2020\/11\/3-fausse-pierre-300x225.jpeg 300w, https:\/\/zadducarnet.org\/wp-content\/uploads\/2020\/11\/3-fausse-pierre-768x576.jpeg 768w\" sizes=\"auto, (max-width: 1024px) 100vw, 1024px\" \/><\/figure><\/li><\/ul><\/figure>\n\n\n\n<p>Le tout aurait permis de retransmettre l&rsquo;int\u00e9gralit\u00e9 des vid\u00e9os en direct \u00e0 leur destinataire pendant plus d&rsquo;un mois si elles n\u2019avaient pas \u00e9t\u00e9 trouv\u00e9es par chance au d\u00e9but de l\u2019occupation de l\u2019\u00eele du Carnet. Install\u00e9es \u00e0 un point strat\u00e9gique, les cam\u00e9ras pouvaient observer toutes les all\u00e9es et venues des militant\u00b7es sur la zone, dans un endroit consid\u00e9r\u00e9 comme \u00ab\u00a0safe\u00a0\u00bb et donc o\u00f9 peu d&rsquo;entre nous restaient cagoul\u00e9\u00b7es.<\/p>\n\n\n\n<p>Sur l&rsquo;une des cam\u00e9ras, un autocollant indique des informations techniques et le nom de l&rsquo;entreprise qui a fournit le mat\u00e9riel : Allwan Security. Sur internet, cette soci\u00e9t\u00e9 dit offrir \u00ab\u00a0des solutions pour les militaires et les gouvernements\u00a0\u00bb.<\/p>\n\n\n\n<div class=\"wp-block-image\"><figure class=\"aligncenter size-large is-resized\"><img loading=\"lazy\" decoding=\"async\" src=\"https:\/\/zadducarnet.org\/wp-content\/uploads\/2020\/11\/allwan.png\" alt=\"\" class=\"wp-image-948\" width=\"743\" height=\"369\" srcset=\"https:\/\/zadducarnet.org\/wp-content\/uploads\/2020\/11\/allwan.png 743w, https:\/\/zadducarnet.org\/wp-content\/uploads\/2020\/11\/allwan-300x149.png 300w\" sizes=\"auto, (max-width: 743px) 100vw, 743px\" \/><\/figure><\/div>\n\n\n\n<h2 class=\"wp-block-heading\">Au Carnet comme ailleurs, nous sommes surveill\u00e9\u00b7es et fich\u00e9\u00b7es<\/h2>\n\n\n\n<p>Surveiller ill\u00e9galement des militant\u00b7es, que ce soit le fait de la gendarmerie ou des renseignements g\u00e9n\u00e9raux, est une pratique profond\u00e9ment malsaine et anti-d\u00e9mocratique. Ce n&rsquo;est pas sur la ZAD que l&rsquo;on va vous dire que l&rsquo;on croyait encore en la d\u00e9mocratie de ce pays, mais nous sommes toujours frapp\u00e9\u00b7es qu&rsquo;ils aillent toujours plus loin.<\/p>\n\n\n\n<p>Contrairement \u00e0 Bure, o\u00f9 la surveillance g\u00e9n\u00e9ralis\u00e9e des militant\u00b7es a \u00e9t\u00e9 mise au jour par l&rsquo;enqu\u00eate conjointe de Reporterre et M\u00e9diapart <a href=\"#1\" data-type=\"internal\" data-id=\"#1\">[1]<\/a> , ce dispositif de surveillance a \u00e9t\u00e9 mis en place en dehors de toute enqu\u00eate judiciaire, et avant m\u00eame que la ZAD ne s&rsquo;implante <a href=\"#2\" data-type=\"internal\" data-id=\"#2\">[2]<\/a> !<\/p>\n\n\n\n<p>La d\u00e9couverte de ce syst\u00e8me nous laisse \u00e0 penser que d&rsquo;autres moyens de surveillance ont d\u00e9j\u00e0 \u00e9t\u00e9 mis en place pour surveiller les militant\u00b7es de la ZAD. Nous ne pouvons savoir lesquels, bien que nous ayons quelques id\u00e9es.<\/p>\n\n\n\n<p>Nous prenions d\u00e9j\u00e0 de nombreuses pr\u00e9cautions pour limiter le fichage. C&rsquo;est la raison pour laquelle nous portons des cagoules, nous limitons l&rsquo;usage et la possession de t\u00e9l\u00e9phone (voire nous les excluons de certains lieux), nous refusons la pr\u00e9sence des m\u00e9dias, des appareils photos et des cam\u00e9ras sur la ZAD (ou nous les encadrons strictement). Allons-nous trouver d&rsquo;autres syst\u00e8mes de surveillance sur l&rsquo;\u00eele du Carnet ?<\/p>\n\n\n\n<h2 class=\"wp-block-heading\">Face \u00e0 la surveillance, continuons nos luttes pour la libert\u00e9 de tout\u00b7es !<\/h2>\n\n\n\n<p>Alors que peut-on faire pour lutter contre ceux qui nous surveillent&nbsp;? Nous pourrions lancer de grands slogans, inciter chacun\u00b7e \u00e0 se relier \u00e0 notre cause et clamer haut et fort que nous demandons au gouvernement de stopper ces pratiques ill\u00e9gales. Mais \u00e0 quoi cela servirait-il ?<\/p>\n\n\n\n<p>Avant tout, nous aimerions que les habitant\u00b7es de ce pays qui se croient encore libres comprennent que nous ne sommes libres que si nous acceptons de vivre la vie qu&rsquo;ils ont choisi pour nous. Nous sommes libres d&rsquo;aller au travail, de suivre leurs r\u00e8gles, de consommer et de nous taire.<\/p>\n\n\n\n<p>Alors non, nous ne sommes pas libres.<\/p>\n\n\n\n<p>Et ce n\u2019est pas uniquement en cherchant l&rsquo;autonomie ou en essayant de sortir du syst\u00e8me \u00e0 une \u00e9chelle individuelle ou de mini-collectifs que l\u2019on se lib\u00e9rera. Il faudra se battre contre le capitalisme, contre le lib\u00e9ralisme, contre l&rsquo;\u00c9tat.<\/p>\n\n\n\n<p id=\"1\">A la ZAD du Carnet, nous sommes la Loire qui se d\u00e9fend contre la b\u00e9tonisation <strong>et son monde !<\/strong><\/p>\n\n\n\n<p>Pour plus d&rsquo;informations sur ces cam\u00e9ras, on vous invite \u00e0 consulter <a href=\"https:\/\/reporterre.net\/Au-Carnet-des-cameras-cachees-et-illegales-pour-surveiller-des-ecologistes\">l&rsquo;article de Reporterre<\/a> et le <a href=\"https:\/\/came2016.wordpress.com\/2020\/11\/14\/des-cameras-de-videosurveillances-decouvertes-sur-la-zad-du-carnet\/\">billet du Collectif AutoM\u00e9dia \u00c9nerv\u00e9<\/a>.<\/p>\n\n\n\n<hr class=\"wp-block-separator\"\/>\n\n\n\n<p id=\"2\">[1]  Enqu\u00eate de M\u00e9diapart&nbsp;: <a href=\"https:\/\/www.youtube.com\/watch?v=P5K_pjhri3U\">https:\/\/www.youtube.com\/watch?v=P5K_pjhri3U<\/a><br>Enqu\u00eate de Reporterre&nbsp;: <a href=\"https:\/\/reporterre.net\/1-3-La-justice-a-massivement-surveille-les-militants-antinucleaires-de-Bure\">https:\/\/reporterre.net\/1-3-La-justice-a-massivement-surveille-les-militants-antinucleaires-de-Bure<\/a><\/p>\n\n\n\n<p>[2] Par chance, les cam\u00e9ras ont \u00e9t\u00e9 d\u00e9couvertes le jour m\u00eame de l\u2019installation de la ZAD, le 31 ao\u00fbt 2020. Install\u00e9es depuis d\u00e9j\u00e0 plusieurs jours (peut-\u00eatre plusieurs semaines&nbsp;?), elles ont tout de m\u00eame pu renseigner sur les actions et la pr\u00e9sence lors de la manifestation et du week-end de r\u00e9sistance organis\u00e9 par le collectif Stop Carnet le week-end du 29 et 30 ao\u00fbt 2020.<\/p>\n","protected":false},"excerpt":{"rendered":"<p>C&rsquo;est un impressionnant dispositif de vid\u00e9osurveillance qui a \u00e9t\u00e9 trouv\u00e9 par des militant\u00b7es de la ZAD du Carnet le 31 ao\u00fbt 2020. Des cam\u00e9ras \u00e9taient dissimul\u00e9es dans des fausses pierres, des faux troncs d\u2019arbres et le tout \u00e9tait reli\u00e9 \u00e0 des modems, des puces GPS et des batteries de grande capacit\u00e9. Le tout aurait permis &hellip; <a href=\"https:\/\/zadducarnet.org\/index.php\/2020\/11\/14\/des-cameras-cachees-sur-la-zad-pour-surveiller-les-militantes\/\" class=\"more-link\">Continuer la lecture de <span class=\"screen-reader-text\">Des cam\u00e9ras cach\u00e9es sur la ZAD pour surveiller les militant\u00b7es !<\/span> <span class=\"meta-nav\">&rarr;<\/span><\/a><\/p>\n","protected":false},"author":1,"featured_media":969,"comment_status":"open","ping_status":"open","sticky":false,"template":"","format":"standard","meta":{"_uag_custom_page_level_css":"","footnotes":""},"categories":[4],"tags":[],"class_list":["post-947","post","type-post","status-publish","format-standard","has-post-thumbnail","hentry","category-repression-sur-place"],"uagb_featured_image_src":{"full":["https:\/\/zadducarnet.org\/wp-content\/uploads\/2020\/11\/IMG_20200831_142812-scaled.jpg",1920,2560,false],"thumbnail":["https:\/\/zadducarnet.org\/wp-content\/uploads\/2020\/11\/IMG_20200831_142812-150x150.jpg",150,150,true],"medium":["https:\/\/zadducarnet.org\/wp-content\/uploads\/2020\/11\/IMG_20200831_142812-225x300.jpg",225,300,true],"medium_large":["https:\/\/zadducarnet.org\/wp-content\/uploads\/2020\/11\/IMG_20200831_142812-768x1024.jpg",604,805,true],"large":["https:\/\/zadducarnet.org\/wp-content\/uploads\/2020\/11\/IMG_20200831_142812-768x1024.jpg",604,805,true],"1536x1536":["https:\/\/zadducarnet.org\/wp-content\/uploads\/2020\/11\/IMG_20200831_142812-1152x1536.jpg",1152,1536,true],"2048x2048":["https:\/\/zadducarnet.org\/wp-content\/uploads\/2020\/11\/IMG_20200831_142812-1536x2048.jpg",1536,2048,true],"post-thumbnail":["https:\/\/zadducarnet.org\/wp-content\/uploads\/2020\/11\/IMG_20200831_142812-604x270.jpg",604,270,true]},"uagb_author_info":{"display_name":"zadducarnet","author_link":"https:\/\/zadducarnet.org\/index.php\/author\/admin8203\/"},"uagb_comment_info":2,"uagb_excerpt":"C&rsquo;est un impressionnant dispositif de vid\u00e9osurveillance qui a \u00e9t\u00e9 trouv\u00e9 par des militant\u00b7es de la ZAD du Carnet le 31 ao\u00fbt 2020. Des cam\u00e9ras \u00e9taient dissimul\u00e9es dans des fausses pierres, des faux troncs d\u2019arbres et le tout \u00e9tait reli\u00e9 \u00e0 des modems, des puces GPS et des batteries de grande capacit\u00e9. Le tout aurait permis\u2026","_links":{"self":[{"href":"https:\/\/zadducarnet.org\/index.php\/wp-json\/wp\/v2\/posts\/947","targetHints":{"allow":["GET"]}}],"collection":[{"href":"https:\/\/zadducarnet.org\/index.php\/wp-json\/wp\/v2\/posts"}],"about":[{"href":"https:\/\/zadducarnet.org\/index.php\/wp-json\/wp\/v2\/types\/post"}],"author":[{"embeddable":true,"href":"https:\/\/zadducarnet.org\/index.php\/wp-json\/wp\/v2\/users\/1"}],"replies":[{"embeddable":true,"href":"https:\/\/zadducarnet.org\/index.php\/wp-json\/wp\/v2\/comments?post=947"}],"version-history":[{"count":7,"href":"https:\/\/zadducarnet.org\/index.php\/wp-json\/wp\/v2\/posts\/947\/revisions"}],"predecessor-version":[{"id":972,"href":"https:\/\/zadducarnet.org\/index.php\/wp-json\/wp\/v2\/posts\/947\/revisions\/972"}],"wp:featuredmedia":[{"embeddable":true,"href":"https:\/\/zadducarnet.org\/index.php\/wp-json\/wp\/v2\/media\/969"}],"wp:attachment":[{"href":"https:\/\/zadducarnet.org\/index.php\/wp-json\/wp\/v2\/media?parent=947"}],"wp:term":[{"taxonomy":"category","embeddable":true,"href":"https:\/\/zadducarnet.org\/index.php\/wp-json\/wp\/v2\/categories?post=947"},{"taxonomy":"post_tag","embeddable":true,"href":"https:\/\/zadducarnet.org\/index.php\/wp-json\/wp\/v2\/tags?post=947"}],"curies":[{"name":"wp","href":"https:\/\/api.w.org\/{rel}","templated":true}]}}