{"id":90,"date":"2020-09-04T13:33:07","date_gmt":"2020-09-04T11:33:07","guid":{"rendered":"http:\/\/zadducarnet.noblogs.org\/?p=90"},"modified":"2020-11-14T12:31:32","modified_gmt":"2020-11-14T11:31:32","slug":"reunion-dinformation-sur-le-projet-du-carnet-samedi-5-septembre-a-saint-nazaire","status":"publish","type":"post","link":"https:\/\/zadducarnet.org\/index.php\/2020\/09\/04\/reunion-dinformation-sur-le-projet-du-carnet-samedi-5-septembre-a-saint-nazaire\/","title":{"rendered":"R\u00e9union d&rsquo;information sur le projet du Carnet samedi 5 septembre \u00e0 Saint-Nazaire"},"content":{"rendered":"<div class=\"o9v6fnle cxmmr5t8 oygrvhab hcukyx3x c1et5uql\">On parlera du projet, son contexte, ses enjeux&#8230;en l&rsquo;inscrivant dans l&rsquo;histoire des am\u00e9nagements de l&rsquo;estuaire.<\/div>\n<div><\/div>\n<div class=\"o9v6fnle cxmmr5t8 oygrvhab hcukyx3x c1et5uql\">Ce sera l&rsquo;occasion de se raccrocher aux nouvelles sur la lutte. Venez avec vos id\u00e9es et contacts pour faire grandir la mobilisation contre le projet !<\/div>\n<div><\/div>\n<div class=\"o9v6fnle cxmmr5t8 oygrvhab hcukyx3x c1et5uql\">RDV au local des ami.e.s de May \u00e0 18h !<br \/>\n25 boulevard de la Renaissance \u00e0 Saint-Nazaire (44)<\/div>\n<div class=\"o9v6fnle cxmmr5t8 oygrvhab hcukyx3x c1et5uql\">Info sur le local : <a class=\"oajrlxb2 g5ia77u1 qu0x051f esr5mh6w e9989ue4 r7d6kgcz rq0escxv nhd2j8a9 nc684nl6 p7hjln8o kvgmc6g5 cxmmr5t8 oygrvhab hcukyx3x jb3vyjys rz4wbd8a qt6c0cv9 a8nywdso i1ao9s8h esuyzwwr f1sip0of lzcic4wl py34i1dx gpro0wi8\" role=\"link\" href=\"https:\/\/l.facebook.com\/l.php?u=https%3A%2F%2Fladm.noblogs.org%2F%3Ffbclid%3DIwAR0ccLC1bkzGtvGfwRv7fnxotpnly9ljruDgNtBYzSQpCy8b7YgOPjHaxCs&amp;h=AT2hEeEryNMBDyVuynR5rNeF7gK121NGno7MBe2V3_gsqwik-0QfPGY75LI-R8d2MOrqTuh6wy9A3AzjzhOAbnCE7Tf8dnv6dPdMpGroxoQnigEXdVr97FSrRyFKmAi9yWKq\" target=\"_blank\" rel=\"nofollow noopener noreferrer\">https:\/\/ladm.noblogs.org\/<\/a><\/div>\n<p>&nbsp;<\/p>\n","protected":false},"excerpt":{"rendered":"<p>On parlera du projet, son contexte, ses enjeux&#8230;en l&rsquo;inscrivant dans l&rsquo;histoire des am\u00e9nagements de l&rsquo;estuaire. Ce sera l&rsquo;occasion de se raccrocher aux nouvelles sur la lutte. Venez avec vos id\u00e9es et contacts pour faire grandir la mobilisation contre le projet ! RDV au local des ami.e.s de May \u00e0 18h ! 25 boulevard de la &hellip; <a href=\"https:\/\/zadducarnet.org\/index.php\/2020\/09\/04\/reunion-dinformation-sur-le-projet-du-carnet-samedi-5-septembre-a-saint-nazaire\/\" class=\"more-link\">Continuer la lecture de <span class=\"screen-reader-text\">R\u00e9union d&rsquo;information sur le projet du Carnet samedi 5 septembre \u00e0 Saint-Nazaire<\/span> <span class=\"meta-nav\">&rarr;<\/span><\/a><\/p>\n","protected":false},"author":1,"featured_media":0,"comment_status":"closed","ping_status":"closed","sticky":false,"template":"","format":"standard","meta":{"_uag_custom_page_level_css":"","footnotes":""},"categories":[12],"tags":[],"class_list":["post-90","post","type-post","status-publish","format-standard","hentry","category-evenements-passes"],"uagb_featured_image_src":{"full":false,"thumbnail":false,"medium":false,"medium_large":false,"large":false,"1536x1536":false,"2048x2048":false,"post-thumbnail":false},"uagb_author_info":{"display_name":"zadducarnet","author_link":"https:\/\/zadducarnet.org\/index.php\/author\/admin8203\/"},"uagb_comment_info":0,"uagb_excerpt":"On parlera du projet, son contexte, ses enjeux&#8230;en l&rsquo;inscrivant dans l&rsquo;histoire des am\u00e9nagements de l&rsquo;estuaire. Ce sera l&rsquo;occasion de se raccrocher aux nouvelles sur la lutte. Venez avec vos id\u00e9es et contacts pour faire grandir la mobilisation contre le projet ! RDV au local des ami.e.s de May \u00e0 18h ! 25 boulevard de la\u2026","_links":{"self":[{"href":"https:\/\/zadducarnet.org\/index.php\/wp-json\/wp\/v2\/posts\/90","targetHints":{"allow":["GET"]}}],"collection":[{"href":"https:\/\/zadducarnet.org\/index.php\/wp-json\/wp\/v2\/posts"}],"about":[{"href":"https:\/\/zadducarnet.org\/index.php\/wp-json\/wp\/v2\/types\/post"}],"author":[{"embeddable":true,"href":"https:\/\/zadducarnet.org\/index.php\/wp-json\/wp\/v2\/users\/1"}],"replies":[{"embeddable":true,"href":"https:\/\/zadducarnet.org\/index.php\/wp-json\/wp\/v2\/comments?post=90"}],"version-history":[{"count":1,"href":"https:\/\/zadducarnet.org\/index.php\/wp-json\/wp\/v2\/posts\/90\/revisions"}],"predecessor-version":[{"id":185,"href":"https:\/\/zadducarnet.org\/index.php\/wp-json\/wp\/v2\/posts\/90\/revisions\/185"}],"wp:attachment":[{"href":"https:\/\/zadducarnet.org\/index.php\/wp-json\/wp\/v2\/media?parent=90"}],"wp:term":[{"taxonomy":"category","embeddable":true,"href":"https:\/\/zadducarnet.org\/index.php\/wp-json\/wp\/v2\/categories?post=90"},{"taxonomy":"post_tag","embeddable":true,"href":"https:\/\/zadducarnet.org\/index.php\/wp-json\/wp\/v2\/tags?post=90"}],"curies":[{"name":"wp","href":"https:\/\/api.w.org\/{rel}","templated":true}]}}