{"id":2848,"date":"2023-04-26T11:14:04","date_gmt":"2023-04-26T09:14:04","guid":{"rendered":"https:\/\/zadducarnet.org\/?p=2848"},"modified":"2023-05-08T11:15:38","modified_gmt":"2023-05-08T09:15:38","slug":"pas-de-projet-au-carnet-encore-une-victoire-des-zadistes","status":"publish","type":"post","link":"https:\/\/zadducarnet.org\/index.php\/2023\/04\/26\/pas-de-projet-au-carnet-encore-une-victoire-des-zadistes\/","title":{"rendered":"Pas de projet au Carnet, encore une victoire des zadistes !"},"content":{"rendered":"\n<p><em>La ZAD du carnet c&rsquo;\u00e9tait une occupation de 7 mois \u00e0 l&rsquo;automne &#8211; hiver 2020-2021 pour pr\u00e9server l&rsquo;\u00cele du Carnet et ses 400ha de la b\u00e9tonisation dans l&rsquo;Estuaire de la Loire. On s&rsquo;y est battu\u00b7es contre un projet cl\u00e9 en main macroniste d&rsquo;extension du Port de Saint-Nazaire, dissimul\u00e9 en projet de parc \u00e9co-technologique<\/em><\/p>\n\n\n\n<p>&nbsp;&nbsp;&nbsp;&nbsp;&nbsp;&nbsp;&nbsp;&nbsp;&nbsp;&nbsp; Oy\u00e9 ! Oy\u00e9 ! Ceci est un message provenant de quelques ex-zadistes du Carnet. Nous sommes fi\u00e8r\u00b7e\u00b7s et enjaill\u00e9\u00b7e\u00b7s d&rsquo;apprendre et annoncer une grande nouvelle :<\/p>\n\n\n\n<h2 class=\"wp-block-heading has-medium-font-size\">Le parc \u00e9co-niqu&rsquo;o-technologique n&rsquo;aura pas lieu ! Un projet sale en moins !<\/h2>\n\n\n\n<p>On voulait publier ce texte plus t\u00f4t mais les processus collectifs de zadistes \u00e7a prend toujours plus de temps que pr\u00e9vu ! #vortex<\/p>\n\n\n\n<p><em>\u00ab\u00a0Il n\u2019y a pas d\u2019\u00e9ch\u00e9ance, pas de projet\u00a0\u00bb<\/em>, a dit Mr le Pr\u00e9sident du grand port de Saint-Nazaire. Tretout VS Tritons, H\u00e9rons cendr\u00e9s contre b\u00e9ton arm\u00e9 : on est bien content\u00b7e\u00b7s de voir les affreux d\u00e9guster. Un peu de contexte sur la ZAD du Carnet et le<a href=\"https:\/\/zadducarnet.org\/index.php\/2023\/04\/24\/quoi-dneuf-au-carnet\/\" data-type=\"URL\" data-id=\"https:\/\/zadducarnet.org\/index.php\/2023\/04\/24\/quoi-dneuf-au-carnet\/\">s derni\u00e8res news au Carnet ces derniers mois par ici.<\/a><\/p>\n\n\n\n<p>2 ans et quelques qu&rsquo;on a \u00e9t\u00e9 expuls\u00e9\u00b7e\u00b7s et beaucoup d&rsquo;entre nous se sont retrouv\u00e9\u00b7e\u00b7s par la suite \u00e0 pas savoir quoi foutre de tout ce qu&rsquo;on a v\u00e9cu, ni quoi foutre tout court. Beaucoup sont reparti\u00b7e\u00b7s de l\u00e0 ratatin\u00e9\u00b7e\u00b7s physiquement, psychiquement, \u00e9motionnellement\u2026 On dirait bien que \u00e7a fait \u00e7a, les luttes. Dans nos gal\u00e8res et nos peurs de l&rsquo;\u00e9chec vis-\u00e0-vis des un\u00b7e\u00b7s et des autres, de soi-m\u00eame ou de l&rsquo;\u00e9chec contre le syst\u00e8me capitalo et tous ses rouages de merde, on oublie souvent de c\u00e9l\u00e9brer nos p&rsquo;tites victoires.&nbsp;<\/p>\n\n\n\n<p>Quoi de mieux, l\u00e0, que l&rsquo;abandon de ce projet pour se dire que, pur\u00e9e, non! tout \u00e7a n&rsquo;aura pas servi \u00e0 rien. Quoi de mieux, l\u00e0, pour se r\u00e9affirmer, crier haut et fort que la lutte paie !!<\/p>\n\n\n\n<p>Y&rsquo;a pleins de phases de nos vies o\u00f9 on a mille raisons d&rsquo;en douter, et la violence de la r\u00e9pression profitent bien de tout \u00e7a. Alors \u00e7a soulage quand m\u00eame de voir que des fois, \u00e7a se renverse.&nbsp;<\/p>\n\n\n\n<p><em>\u00ab\u00a0Plus aucune zad ne s\u2019installera dans notre pays.\u00a0\u00bb <\/em>a r\u00e9cemment d\u00e9clar\u00e9 Darmanin. On dirait bien que \u00e7a fait peur aux cravates. Mais c&rsquo;est parce qu&rsquo;en fait, l&rsquo;occupation, c&rsquo;est une pratique qui marche. Y&rsquo;a pleins de pratiques qui marchent. Mais quand la bataille juridique contre leurs magouilles de d\u00e9mons, les \u00e9v\u00e8nements et grosses manifs suffisent plus, \u00e7a devient un moyen d&rsquo;action puissant. Essayer de vivre ensemble sur une zone humide, avec que dalle, en tente, en camtar ou dans des cabanes bric-broc, y passer un automne, un hiver, un printemps et essayer de mettre nos id\u00e9es, nos paroles en actes, eh b\u00e9 faut dire que c&rsquo;est bien zbeul. Et Tr\u00e9tout, Macron, Darmanin et sa clique, le zbeul, ils kiffent pas \u00e7a.\u00a0<\/p>\n\n\n\n<p>La ZAD, \u00e7a a des cons\u00e9quences incalculables sur nos vies, qui vont plus loin que le temps de l&rsquo;occup&rsquo;. Rien pouvoir calculer, rien voir venir, l&rsquo;absence de chiffre (\u00ab\u00a0on est 500\u00a0\u00bb mdr), ils kiffent pas \u00e7a. \u00c7a cr\u00e9e des d\u00e9teres co et des liens -qu&rsquo;ils durent ou pas- hyper intenses.&nbsp;<\/p>\n\n\n\n<p>\u00c7a a pu se passer aussi \u00e9videmment gr\u00e2ce aux membres du collectif Stop Carnet, qui ont alert\u00e9 sur le projet, ont taff\u00e9 dur pour le faire plier, qui se sont jamais d\u00e9solidaris\u00e9\u00b7e\u00b7s des habitant\u00b7e\u00b7s de la zone, et en continuant le combat apr\u00e8s l&rsquo;expuls&rsquo; comme certain\u00b7es copaines. Ce compagnonnage de luttes entre collectif et zadistes pendant et apr\u00e8s la ZAD a bien aid\u00e9 ! Aussi \u00e9videmment gr\u00e2ce aux diff\u00e9rents collectifs de soutien qui se sont mont\u00e9s, aux soutiens ext\u00e9rieurs habitant\u00b7e\u00b7s de Paimboeuf et alentours (de l&rsquo;eau chaude et un peu de calme, \u00e7a fait toujours du bien), \u00e0 tou\u00b7te\u00b7s celleux qui sont pass\u00e9\u00b7e\u00b7s, ont donn\u00e9 de leur temps et de leur \u00e9nergie pour \u00e9viter que le Carnet soit enfoui sous leur sale b\u00e9ton. Et bien s\u00fbr, gr\u00e2ce \u00e0 tou\u00b7te\u00b7s les zadistes, big up \u00e0 nous et \u00e0 l&rsquo;usine de St-Michel Chef-Chef ! \ud83d\ude09<\/p>\n\n\n\n<h2 class=\"wp-block-heading has-medium-font-size\">Carnet 2 &#8211; \u00c9tat 0<\/h2>\n\n\n\n<p>Le grand port est toujours proprio des terres et conserve toutes les autorisations pour d\u00e9truire les 116 esp\u00e8ces prot\u00e9g\u00e9es du Carnet. Mais que ca soit clair, si un jour un nouveau projet y voit le jour, comme en 97 contre la centrale nucl\u00e9aire, et comme contre le parc \u00e9co-technologique, on sera l\u00e0, plus nombreux\u00b7ses encore, libres et sauvages comme l&rsquo;\u00eele !<\/p>\n\n\n\n<p>Et m\u00eame si y&rsquo;a pas beaucoup de ZAD en ce moment alors que les projets de merde sont partout, et que les temps sont hardcore r\u00e9pressifs notamment envers les militant\u00b7e\u00b7s contre la r\u00e9forme des retraites et les m\u00e9ga-bassines \u00e0 Sainte-Soline, on peut gagner !!! Cette victoire comme d&rsquo;autres en sont la preuve.<\/p>\n\n\n\n<p><strong>Soutien et amour \u00e0 tou\u00b7tes celleux qui luttent et qui souffrent de ce syst\u00e8me de mort !\u00a0<\/strong><\/p>\n\n\n\n<p>Et pour finir, <a href=\"https:\/\/youtu.be\/7m7LO6IWQUI\">un r\u00e9cit po\u00e9tique de l&rsquo;expulsion de la Zad du Carnet \u00e9dit\u00e9 par La Faaz<\/a> (Fr\u00e9quence Anti Autoritaire Zadiste)<\/p>\n\n\n\n<figure class=\"wp-block-embed is-type-video is-provider-youtube wp-block-embed-youtube wp-embed-aspect-16-9 wp-has-aspect-ratio\"><div class=\"wp-block-embed__wrapper\">\n<iframe loading=\"lazy\" title=\"Expulsion de la ZAD du Carnet\" width=\"604\" height=\"340\" src=\"https:\/\/www.youtube.com\/embed\/7m7LO6IWQUI?feature=oembed\" frameborder=\"0\" allow=\"accelerometer; autoplay; clipboard-write; encrypted-media; gyroscope; picture-in-picture; web-share\" referrerpolicy=\"strict-origin-when-cross-origin\" allowfullscreen><\/iframe>\n<\/div><\/figure>\n\n\n\n<p><strong>Nous sommes tou\u00b7tes des enfants du Carnet ! clap clap clap, clap clap, clap clap clap clap<\/strong><\/p>\n\n\n\n<p><strong>Nous sommes tou\u00b7tes des enfants du Carnet ! clap clap clap, clap clap, clap clap clap clap<\/strong><\/p>\n\n\n\n<p><strong>On a recueilli quelques contributions \u00e0 l&rsquo;occasion de l&rsquo;\u00e9criture de cet article e<\/strong>t comme on voulait les publier en entier pas modifi\u00e9s, on les rassemble <a href=\"https:\/\/zadducarnet.org\/index.php\/accueil\/carnet-magique\/\">dans le Carnet Magique<\/a> (et les liens directs des textes <a href=\"https:\/\/zadducarnet.org\/index.php\/2023\/04\/24\/pas-de-titre\/\">par ici<\/a>, <a href=\"https:\/\/zadducarnet.org\/index.php\/2023\/04\/24\/en-marge-dans-les-marecages\/\">par l\u00e0<\/a> et <a href=\"https:\/\/zadducarnet.org\/index.php\/2023\/04\/24\/alors-comme-ca-on-a-gagne\/\">par ici aussi<\/a>).<\/p>\n\n\n\n<p>On est toujours chaud\u00b7e\u00b7s d&rsquo;en recevoir, \u00e7a fait grave plaiz&rsquo; de se lire, et si \u00e7a vous dit vous pouvez envoyer votre texte par mail \u00e0 zadducarnet[arobase]riseup point net , peut-\u00eatre qu&rsquo;on en fera une petite brochure.<\/p>\n\n\n\n<p>Enfin, on invite tout\u00b7es celles et ceux qui ont train\u00e9 sur la zone \u00e0 garder les oreilles ouverte cet \u00e9t\u00e9 aux alentours du 44 !<\/p>\n\n\n\n<p>Au plaisir de se recroiser dans la lutte !<\/p>\n","protected":false},"excerpt":{"rendered":"<p>La ZAD du carnet c&rsquo;\u00e9tait une occupation de 7 mois \u00e0 l&rsquo;automne &#8211; hiver 2020-2021 pour pr\u00e9server l&rsquo;\u00cele du Carnet et ses 400ha de la b\u00e9tonisation dans l&rsquo;Estuaire de la Loire. On s&rsquo;y est battu\u00b7es contre un projet cl\u00e9 en main macroniste d&rsquo;extension du Port de Saint-Nazaire, dissimul\u00e9 en projet de parc \u00e9co-technologique &nbsp;&nbsp;&nbsp;&nbsp;&nbsp;&nbsp;&nbsp;&nbsp;&nbsp;&nbsp; Oy\u00e9 &hellip; <a href=\"https:\/\/zadducarnet.org\/index.php\/2023\/04\/26\/pas-de-projet-au-carnet-encore-une-victoire-des-zadistes\/\" class=\"more-link\">Continuer la lecture de <span class=\"screen-reader-text\">Pas de projet au Carnet, encore une victoire des zadistes !<\/span> <span class=\"meta-nav\">&rarr;<\/span><\/a><\/p>\n","protected":false},"author":11,"featured_media":2846,"comment_status":"open","ping_status":"open","sticky":false,"template":"","format":"standard","meta":{"_uag_custom_page_level_css":"","footnotes":""},"categories":[2],"tags":[],"class_list":["post-2848","post","type-post","status-publish","format-standard","has-post-thumbnail","hentry","category-actu-du-carnet"],"uagb_featured_image_src":{"full":["https:\/\/zadducarnet.org\/wp-content\/uploads\/2023\/05\/signal-2023-04-20-190910_002.png",800,450,false],"thumbnail":["https:\/\/zadducarnet.org\/wp-content\/uploads\/2023\/05\/signal-2023-04-20-190910_002-150x150.png",150,150,true],"medium":["https:\/\/zadducarnet.org\/wp-content\/uploads\/2023\/05\/signal-2023-04-20-190910_002-300x169.png",300,169,true],"medium_large":["https:\/\/zadducarnet.org\/wp-content\/uploads\/2023\/05\/signal-2023-04-20-190910_002-768x432.png",604,340,true],"large":["https:\/\/zadducarnet.org\/wp-content\/uploads\/2023\/05\/signal-2023-04-20-190910_002.png",604,340,false],"1536x1536":["https:\/\/zadducarnet.org\/wp-content\/uploads\/2023\/05\/signal-2023-04-20-190910_002.png",800,450,false],"2048x2048":["https:\/\/zadducarnet.org\/wp-content\/uploads\/2023\/05\/signal-2023-04-20-190910_002.png",800,450,false],"post-thumbnail":["https:\/\/zadducarnet.org\/wp-content\/uploads\/2023\/05\/signal-2023-04-20-190910_002-604x270.png",604,270,true]},"uagb_author_info":{"display_name":"ZAD du Carnet","author_link":"https:\/\/zadducarnet.org\/index.php\/author\/carnet\/"},"uagb_comment_info":237,"uagb_excerpt":"La ZAD du carnet c&rsquo;\u00e9tait une occupation de 7 mois \u00e0 l&rsquo;automne &#8211; hiver 2020-2021 pour pr\u00e9server l&rsquo;\u00cele du Carnet et ses 400ha de la b\u00e9tonisation dans l&rsquo;Estuaire de la Loire. On s&rsquo;y est battu\u00b7es contre un projet cl\u00e9 en main macroniste d&rsquo;extension du Port de Saint-Nazaire, dissimul\u00e9 en projet de parc \u00e9co-technologique &nbsp;&nbsp;&nbsp;&nbsp;&nbsp;&nbsp;&nbsp;&nbsp;&nbsp;&nbsp; Oy\u00e9\u2026","_links":{"self":[{"href":"https:\/\/zadducarnet.org\/index.php\/wp-json\/wp\/v2\/posts\/2848","targetHints":{"allow":["GET"]}}],"collection":[{"href":"https:\/\/zadducarnet.org\/index.php\/wp-json\/wp\/v2\/posts"}],"about":[{"href":"https:\/\/zadducarnet.org\/index.php\/wp-json\/wp\/v2\/types\/post"}],"author":[{"embeddable":true,"href":"https:\/\/zadducarnet.org\/index.php\/wp-json\/wp\/v2\/users\/11"}],"replies":[{"embeddable":true,"href":"https:\/\/zadducarnet.org\/index.php\/wp-json\/wp\/v2\/comments?post=2848"}],"version-history":[{"count":2,"href":"https:\/\/zadducarnet.org\/index.php\/wp-json\/wp\/v2\/posts\/2848\/revisions"}],"predecessor-version":[{"id":2850,"href":"https:\/\/zadducarnet.org\/index.php\/wp-json\/wp\/v2\/posts\/2848\/revisions\/2850"}],"wp:featuredmedia":[{"embeddable":true,"href":"https:\/\/zadducarnet.org\/index.php\/wp-json\/wp\/v2\/media\/2846"}],"wp:attachment":[{"href":"https:\/\/zadducarnet.org\/index.php\/wp-json\/wp\/v2\/media?parent=2848"}],"wp:term":[{"taxonomy":"category","embeddable":true,"href":"https:\/\/zadducarnet.org\/index.php\/wp-json\/wp\/v2\/categories?post=2848"},{"taxonomy":"post_tag","embeddable":true,"href":"https:\/\/zadducarnet.org\/index.php\/wp-json\/wp\/v2\/tags?post=2848"}],"curies":[{"name":"wp","href":"https:\/\/api.w.org\/{rel}","templated":true}]}}