{"id":2836,"date":"2023-04-23T09:19:29","date_gmt":"2023-04-23T07:19:29","guid":{"rendered":"https:\/\/zadducarnet.org\/?p=2836"},"modified":"2023-05-08T09:55:31","modified_gmt":"2023-05-08T07:55:31","slug":"quoi-dneuf-au-carnet","status":"publish","type":"post","link":"https:\/\/zadducarnet.org\/index.php\/2023\/04\/23\/quoi-dneuf-au-carnet\/","title":{"rendered":"Quoi d&rsquo;neuf au Carnet ?"},"content":{"rendered":"\n<p>Pour rappel l&rsquo;occupation de l&rsquo;Ile du Carnet qui a commenc\u00e9 fin ao\u00fbt 2020 avec un week-end de mobilisation et s&rsquo;est termin\u00e9 avec son expulsion le 23 mars 2021 c&rsquo;est :<\/p>\n\n\n\n<ul class=\"wp-block-list\">\n<li>une lutte pour pr\u00e9server de la b\u00e9tonisation 110ha (dont 51 ha de zone humide) sur une \u00eele de pr\u00e8s de 400ha dans l&rsquo;Estuaire de la Loire contre un projet d&rsquo;extension du Port de Saint-Nazaire, dissimul\u00e9 en projet de parc \u00e9co-technologique,<\/li>\n<\/ul>\n\n\n\n<ul class=\"wp-block-list\">\n<li>L&rsquo;occupation de la ZAD a permis un r\u00e9pit de 7 mois pour les \u00e9cosyst\u00e8mes du Carnet ainsi mis en d\u00e9fens et maintenus en libre \u00e9volution sans chasse ni nuisances d&rsquo;engins motoris\u00e9 !!! Les herbivores sauvages ont pu reprendre une place sur cette \u00eele, les amphibiens ont pu se d\u00e9placer sans se faire \u00e9craser, les migrateurs et esp\u00e8ces hivernantes ont pu s&rsquo;alimenter et se reposer.<\/li>\n<\/ul>\n\n\n\n<ul class=\"wp-block-list\">\n<li>Des centaines de personnes mobilis\u00e9es pour occuper, construire des cabanes, exp\u00e9rimenter l&rsquo;auto-organisation collective, d&rsquo;autres mani\u00e8res de vivre et d\u00e9fendre le Carnet en plein hiver et malgr\u00e9 la r\u00e9pression, aux c\u00f4t\u00e9s de Stop Carnet et avec le soutien de collectifs locaux comme \u00e0 Rennes et Nantes!<\/li>\n<\/ul>\n\n\n\n<ul class=\"wp-block-list\">\n<li>De chouettes et intenses moments de vie et de luttes collectives m\u00eal\u00e9es, mais aussi des moments moins chouettes et difficiles que nous avons v\u00e9cus \/ affront\u00e9s ensemble,<\/li>\n<\/ul>\n\n\n\n<ul class=\"wp-block-list\">\n<li>Des liens forts qui se sont cr\u00e9\u00e9s et perdurent ici et l\u00e0 avec l&rsquo;envie et l&rsquo;\u00e9nergie de continuer les luttes qui nous ont r\u00e9unies au Carnet. Si nous \u00e9tions l\u00e0 pour d\u00e9fendre le Carnet, la ZAD ne peut pas se r\u00e9sumer \u00e0 la lutte contre un projet, elle est le lieu d&rsquo;expression de nombreuses luttes !<\/li>\n<\/ul>\n\n\n\n<h3 class=\"wp-block-heading\"><strong>&nbsp;Mais que s&rsquo;est-il pass\u00e9 au Carnet depuis tout ce temps ?<\/strong><\/h3>\n\n\n\n<p><strong>Du c\u00f4t\u00e9 du Grand Port, l&rsquo;\u00e9tat et les flics<\/strong><\/p>\n\n\n\n<ul class=\"wp-block-list\">\n<li>La p\u00e9riode post-expulsion a \u00e9t\u00e9 marqu\u00e9e par une forte pr\u00e9sence polici\u00e8re les premiers mois qui s&rsquo;est r\u00e9duite au fil du temps jusqu&rsquo;\u00e0 quasi-nulle aujourd&rsquo;hui<\/li>\n<\/ul>\n\n\n\n<ul class=\"wp-block-list\">\n<li>Les copaines de Stop Carnet ont eu leur proc\u00e8s qui s&rsquo;est sold\u00e9 par l&rsquo;acquittement de 2 des membres et des amendes pour les deux autres qui font appel de cette d\u00e9cision<\/li>\n<\/ul>\n\n\n\n<ul class=\"wp-block-list\">\n<li>Ginette, l&rsquo;\u00e9olienne offshore exp\u00e9rimentale a \u00e9t\u00e9 d\u00e9mont\u00e9e durant plusieurs mois<\/li>\n<\/ul>\n\n\n\n<ul class=\"wp-block-list\">\n<li>Les chasseurs ont repris leurs activit\u00e9s au Carnet creusant des tranch\u00e9es dans la v\u00e9g\u00e9tation et perturbant faune et flore<\/li>\n<\/ul>\n\n\n\n<ul class=\"wp-block-list\">\n<li>Un relev\u00e9 naturaliste, achev\u00e9 en janvier 2023, laisse penser que la b\u00e9tonisation de la zone n&rsquo;est pas d\u00e9finitivement abandonn\u00e9e \u00e0 d\u00e9faut d&rsquo;\u00eatre imminente.<\/li>\n<\/ul>\n\n\n\n<ul class=\"wp-block-list\">\n<li>La situation \u00e9conomique et politique du Port Nantes-Saint-Nazaire (qui p\u00e2tit de sa forte d\u00e9pendance aux \u00e9nergies fossiles) mais aussi social (il y a eu de nombreux cas de burn-out \u00e0 la direction du Port) n&rsquo;est pas favorable \u00e0 de nouveaux projets d&rsquo;extension du port. Des rapports sont d\u00e9favorables \u00e0 une b\u00e9tonisation sud-loire qui pr\u00e9conise de construire sur les nombreuses friches du Port Nord-Loire.<\/li>\n<\/ul>\n\n\n\n<ul class=\"wp-block-list\">\n<li>Le Port fait r\u00e9guli\u00e8rement des annonces r\u00e9guli\u00e8res comme quoi il n&rsquo;y aurait actuellement pas de projet au Carnet mais que \u00e7a reste une r\u00e9serve fonci\u00e8re sous entendant qu&rsquo;il est possible qu&rsquo;un nouveau projet voit le jour au Carnet un jour. Nous nous m\u00e9fions toujours de la communication institutionnelle qui est aussi peu fiable que la parole politique mais la r\u00e9p\u00e9tition de cette communication laisse penser \u00e0 une vraie info m\u00eame si nous restons m\u00e9fiant\u00b7es.<\/li>\n<\/ul>\n\n\n\n<p><strong>Et c\u00f4t\u00e9 lutte du Carnet<\/strong><\/p>\n\n\n\n<p>Devant l&rsquo;absence de menace imminente au Carnet, la lutte a connu un ralentissement avec quelques temps forts et bonnes nouvelles :<\/p>\n\n\n\n<ul class=\"wp-block-list\">\n<li>L&rsquo;expulsion a \u00e9t\u00e9 suivie d&rsquo;un week-end de mobilisation contre le projet en juin 2021 qui a r\u00e9uni plus d&rsquo;une centaine de personnes malgr\u00e9 une forte pr\u00e9sence polici\u00e8re pour emp\u00eacher la mobilisation et un copain violemment interpell\u00e9 lors de la manifestation<\/li>\n<\/ul>\n\n\n\n<ul class=\"wp-block-list\">\n<li>Des copaines ont organis\u00e9 le camp d&rsquo;\u00e9t\u00e9 Hors d&rsquo;la Loire en juillet 2021 et un concert antirep des Ramoneurs de Menhirs a \u00e9t\u00e9 organis\u00e9 en mars 2022.<\/li>\n<\/ul>\n\n\n\n<ul class=\"wp-block-list\">\n<li>Le copain en t\u00f4le est sorti il y a presque un an !!<\/li>\n<\/ul>\n\n\n\n<ul class=\"wp-block-list\">\n<li>Des chantiers collectifs ont eu lieu pour construire un lieu collectif proche du Carnet !<\/li>\n<\/ul>\n","protected":false},"excerpt":{"rendered":"<p>Pour rappel l&rsquo;occupation de l&rsquo;Ile du Carnet qui a commenc\u00e9 fin ao\u00fbt 2020 avec un week-end de mobilisation et s&rsquo;est termin\u00e9 avec son expulsion le 23 mars 2021 c&rsquo;est : &nbsp;Mais que s&rsquo;est-il pass\u00e9 au Carnet depuis tout ce temps ? Du c\u00f4t\u00e9 du Grand Port, l&rsquo;\u00e9tat et les flics Et c\u00f4t\u00e9 lutte du Carnet &hellip; <a href=\"https:\/\/zadducarnet.org\/index.php\/2023\/04\/23\/quoi-dneuf-au-carnet\/\" class=\"more-link\">Continuer la lecture de <span class=\"screen-reader-text\">Quoi d&rsquo;neuf au Carnet ?<\/span> <span class=\"meta-nav\">&rarr;<\/span><\/a><\/p>\n","protected":false},"author":11,"featured_media":0,"comment_status":"open","ping_status":"open","sticky":false,"template":"","format":"standard","meta":{"_uag_custom_page_level_css":"","footnotes":""},"categories":[1],"tags":[],"class_list":["post-2836","post","type-post","status-publish","format-standard","hentry","category-nouvelles"],"uagb_featured_image_src":{"full":false,"thumbnail":false,"medium":false,"medium_large":false,"large":false,"1536x1536":false,"2048x2048":false,"post-thumbnail":false},"uagb_author_info":{"display_name":"ZAD du Carnet","author_link":"https:\/\/zadducarnet.org\/index.php\/author\/carnet\/"},"uagb_comment_info":12,"uagb_excerpt":"Pour rappel l&rsquo;occupation de l&rsquo;Ile du Carnet qui a commenc\u00e9 fin ao\u00fbt 2020 avec un week-end de mobilisation et s&rsquo;est termin\u00e9 avec son expulsion le 23 mars 2021 c&rsquo;est : &nbsp;Mais que s&rsquo;est-il pass\u00e9 au Carnet depuis tout ce temps ? Du c\u00f4t\u00e9 du Grand Port, l&rsquo;\u00e9tat et les flics Et c\u00f4t\u00e9 lutte du Carnet\u2026","_links":{"self":[{"href":"https:\/\/zadducarnet.org\/index.php\/wp-json\/wp\/v2\/posts\/2836","targetHints":{"allow":["GET"]}}],"collection":[{"href":"https:\/\/zadducarnet.org\/index.php\/wp-json\/wp\/v2\/posts"}],"about":[{"href":"https:\/\/zadducarnet.org\/index.php\/wp-json\/wp\/v2\/types\/post"}],"author":[{"embeddable":true,"href":"https:\/\/zadducarnet.org\/index.php\/wp-json\/wp\/v2\/users\/11"}],"replies":[{"embeddable":true,"href":"https:\/\/zadducarnet.org\/index.php\/wp-json\/wp\/v2\/comments?post=2836"}],"version-history":[{"count":3,"href":"https:\/\/zadducarnet.org\/index.php\/wp-json\/wp\/v2\/posts\/2836\/revisions"}],"predecessor-version":[{"id":2844,"href":"https:\/\/zadducarnet.org\/index.php\/wp-json\/wp\/v2\/posts\/2836\/revisions\/2844"}],"wp:attachment":[{"href":"https:\/\/zadducarnet.org\/index.php\/wp-json\/wp\/v2\/media?parent=2836"}],"wp:term":[{"taxonomy":"category","embeddable":true,"href":"https:\/\/zadducarnet.org\/index.php\/wp-json\/wp\/v2\/categories?post=2836"},{"taxonomy":"post_tag","embeddable":true,"href":"https:\/\/zadducarnet.org\/index.php\/wp-json\/wp\/v2\/tags?post=2836"}],"curies":[{"name":"wp","href":"https:\/\/api.w.org\/{rel}","templated":true}]}}