{"id":2798,"date":"2021-11-28T19:30:07","date_gmt":"2021-11-28T18:30:07","guid":{"rendered":"https:\/\/zadducarnet.org\/?p=2798"},"modified":"2021-11-28T19:30:08","modified_gmt":"2021-11-28T18:30:08","slug":"communique-de-la-zap-zone-a-patates-de-pertuis-84","status":"publish","type":"post","link":"https:\/\/zadducarnet.org\/index.php\/2021\/11\/28\/communique-de-la-zap-zone-a-patates-de-pertuis-84\/","title":{"rendered":"Communiqu\u00e9 de la ZAP (Zone \u00e0 patates) de Pertuis (84)"},"content":{"rendered":"\n<p><strong>L\u2019extension de la Zone d\u2019activit\u00e9 commerciale de Pertuis (84) menace les terres agricoles avoisinantes, ainsi que les habitants locaux qui risquent l\u2019expropriation. Afin d\u2019emp\u00eacher ce projet n\u00e9faste, nous d\u00e9cidons d\u2019habiter l\u2019une des maisons destin\u00e9es \u00e0 \u00eatre d\u00e9truites, lan\u00e7ant ainsi la ZAP (Zone \u00e0 patates) de Pertuis.<\/strong><\/p>\n\n\n\n<p>Pertuis (84) et la m\u00e9tropole Aix-Marseille veulent doubler la ZAC (Zone d\u2019activit\u00e9 commerciale) : 86 hectares vont \u00eatre b\u00e9tonn\u00e9s. La b\u00e9tonisation implique une perte de biodiversit\u00e9, une augmentation des risques d\u2019inondation et la mise en p\u00e9ril de notre autonomie alimentaire. Les habitants sont expropri\u00e9s, leur maisons sont d\u00e9truites et leurs terres sont rachet\u00e9es pour une bouch\u00e9e de pain. Ce projet n\u2019est profitable qu\u2019\u00e0 l\u2019entreprise Pellenc dont l\u2019ancien PDG n\u2019est autre que l\u2019actuel maire de Pertuis, \u00e0 l\u2019origine du PLU (Plan local d\u2019urbanisme). Les pertusiens d\u00e9sapprouvent ce projet d\u2019agrandissement d\u2019une zone commerciale d\u00e9j\u00e0 immense.<\/p>\n\n\n\n<p>Nous sommes d\u00e9cid\u00e9es \u00e0 emp\u00eacher ce projet. Nous revendiquons l\u2019arr\u00eat de celui-ci et des expropriations. Les terres de Pertuis sont fertiles, absorbent les crues de la Durance, alimentent la nappe phr\u00e9atique, contribuent \u00e0 nous nourrir et \u00e0 pr\u00e9server notre milieu naturel. Elles doivent \u00eatre d\u00e9fendues.<\/p>\n\n\n\n<p>Nous choisissons d\u2019habiter une des maisons afin d\u2019emp\u00eacher sa destruction et l\u2019avanc\u00e9e de ce projet. Ce lieu sera vivant, ouvert \u00e0 toutes et tous, et nous pourrons y imaginer un autre avenir pour ces terres. Cette action se situe dans la continuit\u00e9 des mobilisations pr\u00e9c\u00e9dentes : manifestations, plantations, r\u00e9coltes et distributions collectives de patates. Notre lutte est compl\u00e9mentaire d\u2019autres modes d\u2019actions dont nous sommes solidaires, comme la recours en justice lanc\u00e9 par l\u2019association Terres Vives Pertuis, ou les journ\u00e9es de mobilisation organis\u00e9es par les Soul\u00e8vements de la Terre. Ensemble, faisons face \u00e0 l\u2019extension de la ZAC !<\/p>\n\n\n\n<figure class=\"wp-block-image size-full\"><img loading=\"lazy\" decoding=\"async\" width=\"614\" height=\"461\" src=\"https:\/\/zadducarnet.org\/wp-content\/uploads\/2021\/11\/zap-pertuis2.jpg\" alt=\"\" class=\"wp-image-2800\" srcset=\"https:\/\/zadducarnet.org\/wp-content\/uploads\/2021\/11\/zap-pertuis2.jpg 614w, https:\/\/zadducarnet.org\/wp-content\/uploads\/2021\/11\/zap-pertuis2-300x225.jpg 300w\" sizes=\"auto, (max-width: 614px) 100vw, 614px\" \/><figcaption>Soir\u00e9e d&rsquo;ouverture de la ZAP de Pertuis.<\/figcaption><\/figure>\n\n\n\n<ul class=\"wp-block-list\"><li>Email de la ZAP de Pertuis\u00a0: <a href=\"mailto:lazapdepertuis@riseup.net\">lazapdepertuis@riseup.net<\/a><\/li><li>Blog de la ZAP de Pertuis\u00a0: <a href=\"https:\/\/zappertuis.noblogs.org\">https:\/\/zappertuis.noblogs.org<\/a><\/li><li>Pour plus d&rsquo;informations sur la lutte et le projet, voir le site de Terre Vives Pertuis\u00a0: <a href=\"https:\/\/terresvivespertuis.wordpress.com\">https:\/\/terresvivespertuis.wordpress.com<\/a><\/li><li>Page Facebook des Soul\u00e8vements de la Terre de Pertuis : <a href=\"https:\/\/www.facebook.com\/soulevementterrepertuis\">https:\/\/www.facebook.com\/soulevementterrepertuis<\/a><\/li><li>Soutenez la lutte, <a href=\"https:\/\/www.lilurl.dev\/bleqp\" data-type=\"URL\" data-id=\"https:\/\/www.lilurl.dev\/bleqp\">faites un don<\/a> ! <a href=\"https:\/\/www.lilurl.dev\/bleqp\"><\/a><\/li><\/ul>\n","protected":false},"excerpt":{"rendered":"<p>L\u2019extension de la Zone d\u2019activit\u00e9 commerciale de Pertuis (84) menace les terres agricoles avoisinantes, ainsi que les habitants locaux qui risquent l\u2019expropriation. Afin d\u2019emp\u00eacher ce projet n\u00e9faste, nous d\u00e9cidons d\u2019habiter l\u2019une des maisons destin\u00e9es \u00e0 \u00eatre d\u00e9truites, lan\u00e7ant ainsi la ZAP (Zone \u00e0 patates) de Pertuis. Pertuis (84) et la m\u00e9tropole Aix-Marseille veulent doubler la &hellip; <a href=\"https:\/\/zadducarnet.org\/index.php\/2021\/11\/28\/communique-de-la-zap-zone-a-patates-de-pertuis-84\/\" class=\"more-link\">Continuer la lecture de <span class=\"screen-reader-text\">Communiqu\u00e9 de la ZAP (Zone \u00e0 patates) de Pertuis (84)<\/span> <span class=\"meta-nav\">&rarr;<\/span><\/a><\/p>\n","protected":false},"author":5,"featured_media":2799,"comment_status":"open","ping_status":"open","sticky":false,"template":"","format":"standard","meta":{"_uag_custom_page_level_css":"","footnotes":""},"categories":[40],"tags":[],"class_list":["post-2798","post","type-post","status-publish","format-standard","has-post-thumbnail","hentry","category-luttes-amies-2"],"uagb_featured_image_src":{"full":["https:\/\/zadducarnet.org\/wp-content\/uploads\/2021\/11\/zap-pertuis.jpg",700,394,false],"thumbnail":["https:\/\/zadducarnet.org\/wp-content\/uploads\/2021\/11\/zap-pertuis-150x150.jpg",150,150,true],"medium":["https:\/\/zadducarnet.org\/wp-content\/uploads\/2021\/11\/zap-pertuis-300x169.jpg",300,169,true],"medium_large":["https:\/\/zadducarnet.org\/wp-content\/uploads\/2021\/11\/zap-pertuis.jpg",604,340,false],"large":["https:\/\/zadducarnet.org\/wp-content\/uploads\/2021\/11\/zap-pertuis.jpg",604,340,false],"1536x1536":["https:\/\/zadducarnet.org\/wp-content\/uploads\/2021\/11\/zap-pertuis.jpg",700,394,false],"2048x2048":["https:\/\/zadducarnet.org\/wp-content\/uploads\/2021\/11\/zap-pertuis.jpg",700,394,false],"post-thumbnail":["https:\/\/zadducarnet.org\/wp-content\/uploads\/2021\/11\/zap-pertuis-604x270.jpg",604,270,true]},"uagb_author_info":{"display_name":"zad_du_carnet","author_link":"https:\/\/zadducarnet.org\/index.php\/author\/zad_du_carnet\/"},"uagb_comment_info":11,"uagb_excerpt":"L\u2019extension de la Zone d\u2019activit\u00e9 commerciale de Pertuis (84) menace les terres agricoles avoisinantes, ainsi que les habitants locaux qui risquent l\u2019expropriation. Afin d\u2019emp\u00eacher ce projet n\u00e9faste, nous d\u00e9cidons d\u2019habiter l\u2019une des maisons destin\u00e9es \u00e0 \u00eatre d\u00e9truites, lan\u00e7ant ainsi la ZAP (Zone \u00e0 patates) de Pertuis. Pertuis (84) et la m\u00e9tropole Aix-Marseille veulent doubler la\u2026","_links":{"self":[{"href":"https:\/\/zadducarnet.org\/index.php\/wp-json\/wp\/v2\/posts\/2798","targetHints":{"allow":["GET"]}}],"collection":[{"href":"https:\/\/zadducarnet.org\/index.php\/wp-json\/wp\/v2\/posts"}],"about":[{"href":"https:\/\/zadducarnet.org\/index.php\/wp-json\/wp\/v2\/types\/post"}],"author":[{"embeddable":true,"href":"https:\/\/zadducarnet.org\/index.php\/wp-json\/wp\/v2\/users\/5"}],"replies":[{"embeddable":true,"href":"https:\/\/zadducarnet.org\/index.php\/wp-json\/wp\/v2\/comments?post=2798"}],"version-history":[{"count":2,"href":"https:\/\/zadducarnet.org\/index.php\/wp-json\/wp\/v2\/posts\/2798\/revisions"}],"predecessor-version":[{"id":2802,"href":"https:\/\/zadducarnet.org\/index.php\/wp-json\/wp\/v2\/posts\/2798\/revisions\/2802"}],"wp:featuredmedia":[{"embeddable":true,"href":"https:\/\/zadducarnet.org\/index.php\/wp-json\/wp\/v2\/media\/2799"}],"wp:attachment":[{"href":"https:\/\/zadducarnet.org\/index.php\/wp-json\/wp\/v2\/media?parent=2798"}],"wp:term":[{"taxonomy":"category","embeddable":true,"href":"https:\/\/zadducarnet.org\/index.php\/wp-json\/wp\/v2\/categories?post=2798"},{"taxonomy":"post_tag","embeddable":true,"href":"https:\/\/zadducarnet.org\/index.php\/wp-json\/wp\/v2\/tags?post=2798"}],"curies":[{"name":"wp","href":"https:\/\/api.w.org\/{rel}","templated":true}]}}