{"id":2766,"date":"2021-10-08T16:57:21","date_gmt":"2021-10-08T14:57:21","guid":{"rendered":"https:\/\/zadducarnet.org\/?p=2766"},"modified":"2021-10-08T16:57:22","modified_gmt":"2021-10-08T14:57:22","slug":"rencontres-de-la-confluence-des-luttes-de-louest-de-retour-du-21-au-31-octobre-a-montabot","status":"publish","type":"post","link":"https:\/\/zadducarnet.org\/index.php\/2021\/10\/08\/rencontres-de-la-confluence-des-luttes-de-louest-de-retour-du-21-au-31-octobre-a-montabot\/","title":{"rendered":"Rencontres de la confluence des luttes de l\u2019Ouest de retour du 21 au 31 octobre \u00e0 Montabot!"},"content":{"rendered":"\n<h4 class=\"wp-block-heading\">En r\u00e9sum\u00e9 :&nbsp;<\/h4>\n\n\n\n<p>&nbsp;Les rencontres de la confluence des luttes de l\u2019Ouest reviennent, elles auront lieu \u00e0 la <a href=\"https:\/\/antitht.noblogs.org\/\">Grange de Montabot<\/a> <strong>dans la Manche du jeudi 21 au dimanche 31 octobre!&nbsp;<\/strong><\/p>\n\n\n\n<figure class=\"wp-block-image\"><img decoding=\"async\" src=\"https:\/\/laissebeton.org\/wp-content\/uploads\/2021\/09\/situ.jpg\" alt=\"\" class=\"wp-image-998\"\/><\/figure>\n\n\n\n<p>Voici <a href=\"https:\/\/mensuel.framapad.org\/p\/programme-we-inter-luttes-9h4x?lang=fr\">un pr\u00e9-programme collaboratif<\/a> <a href=\"https:\/\/mensuel.framapad.org\/p\/programme-we-inter-luttes-9h4x?lang=fr\">par ici<\/a> . Il est \u00e0 compl\u00e9ter \u2013 commenter selon vos envies et on pourra l\u2019ajuster au fil des envies !<br><br>Les repas sont partag\u00e9s (on va faire un peu de r\u00e9cup mais n\u2019h\u00e9sitez pas \u00e0 ramener quelques victuailles \u00e0 partager) et il y a possibilit\u00e9 de camper sur place en tente ou en camion \u2013 v\u00e9hicule!<br><br>C\u2019est cool d\u2019\u00eatre autonome au niveau couchage (attention \u00e0 la temp\u00e9rature, il peut faire froid fin octobre) car il y aura un dortoir avec quelques places pour y dormir mais tout le monde ne pourra pas y dormir.<\/p>\n\n\n\n<h4 class=\"wp-block-heading\">Et pour celleux qui veulent avoir plus de d\u00e9tails :&nbsp;<\/h4>\n\n\n\n<p><strong>&nbsp;&nbsp;&nbsp; Pr\u00e9sentation de la confluence des luttes de l\u2019Ouest<\/strong><br><br>La Confluence se voit comme un outil qui relie les luttes plus qu\u2019elle ne les organise, elle propose un espace de rencontres, plus ou moins r\u00e9gulier o\u00f9 se m\u00ealent discussions, r\u00e9flexions autour de nos luttes avec des individu\u00b7es impliqu\u00e9\u00b7es dans diff\u00e9rentes luttes contre les projets inutiles mais aussi l\u2019anti-capitalisme, le f\u00e9minisme, l\u2019anti-racisme, l\u2019anti-classisme \u2026&nbsp;&nbsp;<br><br>Cet espace de rencontre vise \u00e0 cr\u00e9er des liens interpersonnels entre personnes luttant dans l\u2019ouest, partager des exp\u00e9riences individuelles et collectives et \u00e0 faire \u00e9merger des projets collectifs de mutualisation ou d\u2019entraide. La confluence n\u2019a aucunement la pr\u00e9tention de porter l\u2019organisation hors des luttes. Il ne s\u2019agit pas d\u2019un collectif de collectifs visant \u00e0 adopter une strat\u00e9gie globale de lutte. Chacun\u00b7e conserve son autonomie et la Confluence n\u2019a pas vocation \u00e0 s\u2019occuper de la mani\u00e8re dont les gens s\u2019organisent, mais uniquement de faciliter l\u2019entraide entre les luttes telles qu\u2019elles sont !&nbsp;<br><br><strong>10 jours de confluence !&nbsp;<\/strong><br><br>Nous repartons sur un format long de confluence comme l\u2019an dernier au Village du Peuple (et oui d\u00e9j\u00e0 un an depuis les derni\u00e8res rencontres! on est pas hyper ponctuels, mais avec les luttes le temps passe vite!).&nbsp; Ce format long permet d\u2019\u00e9viter l\u2019effet week-end trop rempli et la saturation qui va avec. Il permet aussi d\u2019avoir un rythme plus tranquille pour des \u00e9changes informels, en profiter pour se retrouver, partager un peu de temps ensemble, des repas et soir\u00e9es, de l\u2019improvisation, des balades, jeux \u2026 ! \ud83d\ude42 \u2026 mais vous pouvez \u00e9videmment ne passer que quelques jours !<br><br>On y discutera bien s\u00fbr de l\u2019<strong>actualit\u00e9 des luttes contre les projets inutiles dans l\u2019ouest mais aussi des probl\u00e9matiques li\u00e9es au soin, \u00e0 la neuroatypie et \u00e0 la sant\u00e9 psy, d\u2019organisation collective de la sortie de l\u2019emploi, de comment on structure un peu plus cette confluence des luttes,<\/strong> et de tout ce que vous avez envie de parler selon le moment et les participant.es !<br><br><strong>Ces rencontres sont auto-g\u00e9r\u00e9es<\/strong> mais pour qu\u2019elles soient agr\u00e9ables pour toustes, il y a un peu d\u2019orga en amont (comme d\u2019hab). Du coup <strong>les coups de main sont les bienvenus<\/strong> ! Si tu as envie de participer (un peu \/ beaucoup) \u00e0 l\u2019orga, fais nous signe \u00e0 laissebeton [at] riseup.net (on pr\u00e9voit d\u2019en discuter d\u2019ici peu). On cherche entres autres des personnes pour nous aider \u00e0 ramener de la r\u00e9cup\u2019, pour relayer l\u2019\u00e9v\u00e9nement sur des listes mails de l\u2019Ouest \u2026<br><br>Nous pensions articuler ces rencontres en plusieurs temps de plusieurs jours pour chacune des grandes th\u00e9matiques avec un programme relativement libre \u00e0 chaque fois, m\u00ealant discussions, projections de films, ateliers pratiques (car on finit par saturer \u00e0 passer trop de temps \u00e0 discuter).&nbsp;<br><br>N\u2019h\u00e9sitez pas \u00e0 nous envoyer un mail \u00e0 laissebeton [at] riseup.net s<strong>i vous cherchez un covoit ou avez des place dans votre v\u00e9hicule<\/strong>. On vous mettra en contact ! On est moins rapide que blablacar pour vous trouver un covoit\u2019 mais \u00e7a fonctionne quand m\u00eame.<br><br>A tr\u00e8s vite \u00e0 Montabot<\/p>\n","protected":false},"excerpt":{"rendered":"<p>En r\u00e9sum\u00e9 :&nbsp; &nbsp;Les rencontres de la confluence des luttes de l\u2019Ouest reviennent, elles auront lieu \u00e0 la Grange de Montabot dans la Manche du jeudi 21 au dimanche 31 octobre!&nbsp; Voici un pr\u00e9-programme collaboratif par ici . Il est \u00e0 compl\u00e9ter \u2013 commenter selon vos envies et on pourra l\u2019ajuster au fil des envies &hellip; <a href=\"https:\/\/zadducarnet.org\/index.php\/2021\/10\/08\/rencontres-de-la-confluence-des-luttes-de-louest-de-retour-du-21-au-31-octobre-a-montabot\/\" class=\"more-link\">Continuer la lecture de <span class=\"screen-reader-text\">Rencontres de la confluence des luttes de l\u2019Ouest de retour du 21 au 31 octobre \u00e0 Montabot!<\/span> <span class=\"meta-nav\">&rarr;<\/span><\/a><\/p>\n","protected":false},"author":11,"featured_media":2767,"comment_status":"open","ping_status":"open","sticky":false,"template":"","format":"standard","meta":{"_uag_custom_page_level_css":"","footnotes":""},"categories":[2,6],"tags":[],"class_list":["post-2766","post","type-post","status-publish","format-standard","has-post-thumbnail","hentry","category-actu-du-carnet","category-agenda-groupes-locaux"],"uagb_featured_image_src":{"full":["https:\/\/zadducarnet.org\/wp-content\/uploads\/2021\/10\/confluence-des-luttes-21-31.10.png",820,461,false],"thumbnail":["https:\/\/zadducarnet.org\/wp-content\/uploads\/2021\/10\/confluence-des-luttes-21-31.10-150x150.png",150,150,true],"medium":["https:\/\/zadducarnet.org\/wp-content\/uploads\/2021\/10\/confluence-des-luttes-21-31.10-300x169.png",300,169,true],"medium_large":["https:\/\/zadducarnet.org\/wp-content\/uploads\/2021\/10\/confluence-des-luttes-21-31.10-768x432.png",604,340,true],"large":["https:\/\/zadducarnet.org\/wp-content\/uploads\/2021\/10\/confluence-des-luttes-21-31.10.png",604,340,false],"1536x1536":["https:\/\/zadducarnet.org\/wp-content\/uploads\/2021\/10\/confluence-des-luttes-21-31.10.png",820,461,false],"2048x2048":["https:\/\/zadducarnet.org\/wp-content\/uploads\/2021\/10\/confluence-des-luttes-21-31.10.png",820,461,false],"post-thumbnail":["https:\/\/zadducarnet.org\/wp-content\/uploads\/2021\/10\/confluence-des-luttes-21-31.10-604x270.png",604,270,true]},"uagb_author_info":{"display_name":"ZAD du Carnet","author_link":"https:\/\/zadducarnet.org\/index.php\/author\/carnet\/"},"uagb_comment_info":1,"uagb_excerpt":"En r\u00e9sum\u00e9 :&nbsp; &nbsp;Les rencontres de la confluence des luttes de l\u2019Ouest reviennent, elles auront lieu \u00e0 la Grange de Montabot dans la Manche du jeudi 21 au dimanche 31 octobre!&nbsp; Voici un pr\u00e9-programme collaboratif par ici . Il est \u00e0 compl\u00e9ter \u2013 commenter selon vos envies et on pourra l\u2019ajuster au fil des envies\u2026","_links":{"self":[{"href":"https:\/\/zadducarnet.org\/index.php\/wp-json\/wp\/v2\/posts\/2766","targetHints":{"allow":["GET"]}}],"collection":[{"href":"https:\/\/zadducarnet.org\/index.php\/wp-json\/wp\/v2\/posts"}],"about":[{"href":"https:\/\/zadducarnet.org\/index.php\/wp-json\/wp\/v2\/types\/post"}],"author":[{"embeddable":true,"href":"https:\/\/zadducarnet.org\/index.php\/wp-json\/wp\/v2\/users\/11"}],"replies":[{"embeddable":true,"href":"https:\/\/zadducarnet.org\/index.php\/wp-json\/wp\/v2\/comments?post=2766"}],"version-history":[{"count":1,"href":"https:\/\/zadducarnet.org\/index.php\/wp-json\/wp\/v2\/posts\/2766\/revisions"}],"predecessor-version":[{"id":2768,"href":"https:\/\/zadducarnet.org\/index.php\/wp-json\/wp\/v2\/posts\/2766\/revisions\/2768"}],"wp:featuredmedia":[{"embeddable":true,"href":"https:\/\/zadducarnet.org\/index.php\/wp-json\/wp\/v2\/media\/2767"}],"wp:attachment":[{"href":"https:\/\/zadducarnet.org\/index.php\/wp-json\/wp\/v2\/media?parent=2766"}],"wp:term":[{"taxonomy":"category","embeddable":true,"href":"https:\/\/zadducarnet.org\/index.php\/wp-json\/wp\/v2\/categories?post=2766"},{"taxonomy":"post_tag","embeddable":true,"href":"https:\/\/zadducarnet.org\/index.php\/wp-json\/wp\/v2\/tags?post=2766"}],"curies":[{"name":"wp","href":"https:\/\/api.w.org\/{rel}","templated":true}]}}