{"id":2664,"date":"2021-09-04T21:08:34","date_gmt":"2021-09-04T19:08:34","guid":{"rendered":"https:\/\/zadducarnet.org\/?p=2664"},"modified":"2021-09-13T22:34:03","modified_gmt":"2021-09-13T20:34:03","slug":"quand-nddl-se-prend-pour-le-petit-pere-des-luttes-entre-recuperation-et-autoritarisme","status":"publish","type":"post","link":"https:\/\/zadducarnet.org\/index.php\/2021\/09\/04\/quand-nddl-se-prend-pour-le-petit-pere-des-luttes-entre-recuperation-et-autoritarisme\/","title":{"rendered":"Quand NDDL se prend pour le petit p\u00e8re des luttes &#8211; Entre r\u00e9cup\u00e9ration et autoritarisme"},"content":{"rendered":"\n<p><em>Ce texte est une r\u00e9ponse collective de la part de personnes ayant lutt\u00e9 \u00e0 la Zad du Carnet, \u00e0 la Zad de la dune et contre le Surf Park de Saint-P\u00e8re-en-Retz suite \u00e0 des tentatives de r\u00e9cup\u00e9ration politiques de la part d&rsquo;habitant.es de la Zad de NDDL. Nous avons souhait\u00e9 \u00e9claircir en quoi les pratiques de certains groupes habitant actuellement la Zad de NDDL nous affaiblissent collectivement dans nos luttes horizontales et anti-autoritaires et pourquoi nous ne voulons pas d&rsquo;elleux dans nos luttes.<\/em><\/p>\n\n\n\n<p>Le texte ci-dessous est un texte de la confluence des luttes de l&rsquo;Ouest et a \u00e9t\u00e9 publi\u00e9 initialement sur <a href=\"https:\/\/laissebeton.org\/quand-nddl-se-prend-pour-le-petit-pere-des-luttes-entre-recuperation-et-autoritarisme\/971\/\" data-type=\"URL\" data-id=\"https:\/\/laissebeton.org\/quand-nddl-se-prend-pour-le-petit-pere-des-luttes-entre-recuperation-et-autoritarisme\/971\/\">leur site internet<\/a>.<\/p>\n\n\n\n<figure class=\"wp-block-image size-large\"><img loading=\"lazy\" decoding=\"async\" width=\"717\" height=\"1024\" src=\"https:\/\/zadducarnet.org\/wp-content\/uploads\/2021\/09\/Pieuvre3-717x1024.png\" alt=\"\" class=\"wp-image-2669\" srcset=\"https:\/\/zadducarnet.org\/wp-content\/uploads\/2021\/09\/Pieuvre3-717x1024.png 717w, https:\/\/zadducarnet.org\/wp-content\/uploads\/2021\/09\/Pieuvre3-210x300.png 210w, https:\/\/zadducarnet.org\/wp-content\/uploads\/2021\/09\/Pieuvre3-768x1098.png 768w, https:\/\/zadducarnet.org\/wp-content\/uploads\/2021\/09\/Pieuvre3-1075x1536.png 1075w, https:\/\/zadducarnet.org\/wp-content\/uploads\/2021\/09\/Pieuvre3.png 1433w\" sizes=\"auto, (max-width: 717px) 100vw, 717px\" \/><\/figure>\n\n\n\n<p>Le texte est aussi t\u00e9l\u00e9chargeable en format brochure (et imprimable) : <\/p>\n\n\n\n<div data-wp-interactive=\"core\/file\" class=\"wp-block-file\"><object data-wp-bind--hidden=\"!state.hasPdfPreview\" hidden class=\"wp-block-file__embed\" data=\"https:\/\/zadducarnet.org\/wp-content\/uploads\/2021\/09\/Contre-NDDL.pdf\" type=\"application\/pdf\" style=\"width:100%;height:200px\" aria-label=\"Contenu embarqu\u00e9 Contenu embarqu\u00e9 Contre-NDDL (format page par page)..\"><\/object><a href=\"https:\/\/zadducarnet.org\/wp-content\/uploads\/2021\/09\/Contre-NDDL.pdf\">Contre-NDDL (format page par page)<\/a><a href=\"https:\/\/zadducarnet.org\/wp-content\/uploads\/2021\/09\/Contre-NDDL.pdf\" class=\"wp-block-file__button\" download>T\u00e9l\u00e9charger<\/a><\/div>\n\n\n\n<div data-wp-interactive=\"core\/file\" class=\"wp-block-file\"><object data-wp-bind--hidden=\"!state.hasPdfPreview\" hidden class=\"wp-block-file__embed\" data=\"https:\/\/zadducarnet.org\/wp-content\/uploads\/2021\/09\/Contre-NDDL-conv.pdf\" type=\"application\/pdf\" style=\"width:100%;height:448px\" aria-label=\"Contenu embarqu\u00e9 Contenu embarqu\u00e9 Contre-NDDL (format cahier) : impression recto-verso bord court..\"><\/object><a href=\"https:\/\/zadducarnet.org\/wp-content\/uploads\/2021\/09\/Contre-NDDL-conv.pdf\">Contre-NDDL (format cahier) : impression recto-verso bord court<\/a><a href=\"https:\/\/zadducarnet.org\/wp-content\/uploads\/2021\/09\/Contre-NDDL-conv.pdf\" class=\"wp-block-file__button\" download>T\u00e9l\u00e9charger<\/a><\/div>\n\n\n\n<h2 class=\"wp-block-heading\">Introduction<\/h2>\n\n\n\n<p>Ce texte est n\u00e9 apr\u00e8s de nombreuses rencontres de Zadistes, de militant\u00b7es, de locaux\u00b7ales habitant \u00e0 proximit\u00e9 des projets de merde impos\u00e9s dans l\u2019ouest de la france et ailleurs.<\/p>\n\n\n\n<p>Lors de nos rencontres, nous nous sommes rendues compte que les tensions que nous pouvions avoir s\u00e9par\u00e9ment ou collectivement avec des habitant\u00b7es de l&rsquo;ex-Zad de Notre-Dame-Des-Landes (NDDL) n&rsquo;\u00e9taient souvent pas comprises. Il fallait alors prendre le temps long d&rsquo;expliquer l&rsquo;historique de ces tensions, les raisons de ces conflits. C&rsquo;\u00e9tait quasiment impossible pour les personnes d\u00e9couvrant toutes ces histoires de dig\u00e9rer autant d&rsquo;informations et cela pouvait nous bloquer collectivement.<\/p>\n\n\n\n<p>Nous avons \u00e9crit ce texte pour pr\u00e9senter notre histoire collective, pour faciliter la transmission d&rsquo;information et d&rsquo;analyses \u00e0 propos des pratiques de certain\u00b7es habitant.es de l&rsquo;ex-Zad de NDDL.<\/p>\n\n\n\n<p>Cette histoire commence autour de notre v\u00e9cu collectif r\u00e9cent : celui de la Zad du Carnet et des nombreuses tensions que nous avons eues avec des habitant\u00b7es de l&rsquo;ex-Zad de NDDL. Nous avons alors compris que loin d&rsquo;\u00eatre isol\u00e9es ou d&rsquo;\u00eatre sans raisons, ces conflits avaient une histoire, avaient des raisons structurelles d&rsquo;exister.<\/p>\n\n\n\n<p>Depuis le processus de l\u00e9galisation, des habitant\u00b7es de l&rsquo;ex-Zad sont rentr\u00e9\u00b7es dans un processus d&rsquo;int\u00e9gration au monde capitaliste. Iels utilisent l&rsquo;image m\u00e9diatique de la Zad de NDDL \u00e0 leur profit personnel : pour les aider dans le rapport de force n\u00e9cessaire aux processus de l\u00e9galisation et pour accumuler de l&rsquo;argent. Mais en plus d&rsquo;utiliser l&rsquo;image de l&rsquo;ex-Zad, iels accaparent l&rsquo;image de nos propres luttes actuelles : celles de la Zad de la Dune, de la lutte contre le Surf Park ou de la Zad du Carnet.<\/p>\n\n\n\n<p>En faisant cela, iels affaiblissent nos luttes car iels accaparent nos imaginaires, nos luttes, nos v\u00e9cus \u00e0 des fins marchandes. Iels nous mettent en danger en ne relayant que leur communication sur nos luttes et non notre propre communication. Ainsi, iels ne relayent pas nos appels \u00e0 soutien contre la r\u00e9pression que nous subissons tout en se f\u00e9licitant de nos victoires comme ce que l&rsquo;on peut constater lors du rassemblement intergalactique r\u00e9cent de juillet 2021.<\/p>\n\n\n\n<p>Face \u00e0 ces tentatives de r\u00e9cup\u00e9ration politique pour des profits personnels, nous appelons \u00e0 continuer \u00e0 lutter de mani\u00e8re horizontale et anarchiste. Nous appelons \u00e0 nous relier par des liens interpersonnels et non \u00e0 un niveau organisationnel vertical et centralis\u00e9. Nous appelons \u00e0 nous soutenir mutuellement entre les luttes en se filant des coups de main et non en essayant de se parrainer les un\u00b7es les autres. Nous appelons \u00e0 partager nos exp\u00e9riences communes, \u00e0 partager nos diff\u00e9rences et \u00e0 s&rsquo;enrichir mutuellement de nos pratiques. Tout cela pour renforcer nos luttes anticapitalistes, antiracistes, f\u00e9ministes, \u00e9cologistes, anarchistes et radicales.<\/p>\n\n\n\t\t\t\t<div class=\"wp-block-uagb-table-of-contents uagb-toc__align-left uagb-toc__columns-1  uagb-block-fe58d628      \"\n\t\t\t\t\tdata-scroll= \"1\"\n\t\t\t\t\tdata-offset= \"30\"\n\t\t\t\t\tstyle=\"\"\n\t\t\t\t>\n\t\t\t\t<div class=\"uagb-toc__wrap\">\n\t\t\t\t\t\t<div class=\"uagb-toc__title\">\n\t\t\t\t\t\t\tTable des mati\u00e8res\t\t\t\t\t\t<\/div>\n\t\t\t\t\t\t\t\t\t\t\t\t\t\t\t\t\t\t\t\t\t\t<div class=\"uagb-toc__list-wrap \">\n\t\t\t\t\t\t<ol class=\"uagb-toc__list\"><li class=\"uagb-toc__list\"><a href=\"#introduction\" class=\"uagb-toc-link__trigger\">Introduction<\/a><li class=\"uagb-toc__list\"><a href=\"#1-les-derni\u00e8res-tentatives-de-r\u00e9cup\u00e9ration-politique-de-la-part-des-personnes-de-nddl\" class=\"uagb-toc-link__trigger\">1. Les derni\u00e8res tentatives de r\u00e9cup\u00e9ration politique de la part des personnes de NDDL<\/a><ul class=\"uagb-toc__list\"><li class=\"uagb-toc__list\"><a href=\"#11-pourquoi-nous-nous-m\u00e9fions-des-personnes-habitant-actuellement-la-zad-de-nddl\" class=\"uagb-toc-link__trigger\">1.1. Pourquoi nous nous m\u00e9fions des personnes habitant actuellement la Zad de NDDL<\/a><li class=\"uagb-toc__list\"><li class=\"uagb-toc__list\"><a href=\"#12-les-contacts-tr\u00e8s-tendus-entre-la-zad-du-carnet-et-lex-zad-de-nddl\" class=\"uagb-toc-link__trigger\">1.2. Les contacts tr\u00e8s tendus entre la Zad du Carnet et l&#039;ex-Zad de NDDL<\/a><li class=\"uagb-toc__list\"><li class=\"uagb-toc__list\"><a href=\"#13-la-derni\u00e8re-provocation-en-date-le-d\u00e9bat-sur-les-luttes-territoriales-lors-du-rassemblement-intergalactique\" class=\"uagb-toc-link__trigger\">1.3. La derni\u00e8re provocation en date : le d\u00e9bat sur les luttes territoriales lors du rassemblement intergalactique<\/a><li class=\"uagb-toc__list\"><li class=\"uagb-toc__list\"><a href=\"#14-il-ne-sagit-pas-que-dune-histoire-dinvitation-nous-refusons-laide-de-ces-personnes\" class=\"uagb-toc-link__trigger\">1.4. Il ne s&#039;agit pas que d&#039;une histoire d&#039;invitation, nous refusons l&#039;aide de ces personnes<\/a><\/li><\/ul><\/li><li class=\"uagb-toc__list\"><a href=\"#2-nos-diff\u00e9rences-de-pratiques-sont-irr\u00e9conciliables\" class=\"uagb-toc-link__trigger\">2. Nos diff\u00e9rences de pratiques sont irr\u00e9conciliables.<\/a><ul class=\"uagb-toc__list\"><li class=\"uagb-toc__list\"><a href=\"#21-la-zad-communique-pour-appuyer-le-rapport-de-force-dans-son-processus-de-l\u00e9galisation\" class=\"uagb-toc-link__trigger\">2.1. La Zad communique pour appuyer le rapport de force dans son processus de l\u00e9galisation<\/a><li class=\"uagb-toc__list\"><li class=\"uagb-toc__list\"><a href=\"#22-la-zad-communique-pour-financer-ses-\u00e9co-lieux-l\u00e9galistes-au-d\u00e9triment-dautres-luttes\" class=\"uagb-toc-link__trigger\">2.2. La Zad\u00ae communique pour financer ses \u00e9co-lieux l\u00e9galistes au d\u00e9triment d&#039;autres luttes<\/a><li class=\"uagb-toc__list\"><li class=\"uagb-toc__list\"><a href=\"#23-nous-ne-souhaitons-pas-r\u00e9duire-les-luttes-au-spectacle-de-la-communication\" class=\"uagb-toc-link__trigger\">2.3. Nous ne souhaitons pas r\u00e9duire les luttes au spectacle de la communication<\/a><li class=\"uagb-toc__list\"><li class=\"uagb-toc__list\"><a href=\"#24-nous-pr\u00e9f\u00e9rons-lutter-sur-la-dur\u00e9e-et-le-terrain\" class=\"uagb-toc-link__trigger\">2.4. Nous pr\u00e9f\u00e9rons lutter sur la dur\u00e9e et le terrain<\/a><li class=\"uagb-toc__list\"><li class=\"uagb-toc__list\"><a href=\"#25-l\u00e9mergence-de-la-confluence-des-luttes-de-louest-comme-exp\u00e9rimentation-dune-mise-en-lien-horizontale\" class=\"uagb-toc-link__trigger\">2.5. L&#039;\u00e9mergence de la Confluence des luttes de l&#039;Ouest, comme exp\u00e9rimentation d&#039;une mise en lien horizontale<\/a><\/li><\/ul><\/li><\/ul><\/li><li class=\"uagb-toc__list\"><a href=\"#conclusion-nos-luttes-ne-sont-pas-des-mod\u00e8les-ou-des-id\u00e9aux-parfaits-et-ne-souhaitent-pas-le-devenir\" class=\"uagb-toc-link__trigger\">Conclusion : Nos luttes ne sont pas des mod\u00e8les ou des id\u00e9aux parfaits et ne souhaitent pas le devenir<\/a><li class=\"uagb-toc__list\"><a href=\"#signataires\" class=\"uagb-toc-link__trigger\">Signataires<\/a><li class=\"uagb-toc__list\"><a href=\"#co-signataires\" class=\"uagb-toc-link__trigger\">Co-signataires<\/a><li class=\"uagb-toc__list\"><a href=\"#petite-biblio-choisie\" class=\"uagb-toc-link__trigger\">Petite biblio choisie<\/a><li class=\"uagb-toc__list\"><a href=\"#notes-de-bas-de-page\" class=\"uagb-toc-link__trigger\">Notes de bas de page<\/a><\/ul><\/ul><\/ol>\t\t\t\t\t<\/div>\n\t\t\t\t\t\t\t\t\t<\/div>\n\t\t\t\t<\/div>\n\t\t\t\n\n\n<h2 class=\"wp-block-heading\">1. Les derni\u00e8res tentatives de r\u00e9cup\u00e9ration politique de la part des personnes de NDDL<\/h2>\n\n\n\n<p>Toustes les habitant\u00b7es actuelles de l&rsquo;ex-Zad de NDDL ne sont pas vis\u00e9es de la m\u00eame mani\u00e8re par ce texte.<\/p>\n\n\n\n<p>Nous pensons qu&rsquo;actuellement des groupes comme le CMDO (le Comit\u00e9 de Maintien Des Occupations) ont un pouvoir consid\u00e9rable sur l&rsquo;ex-Zad et c&rsquo;est principalement leurs pratiques que nous d\u00e9non\u00e7ons. De nombreux\u00b7ses habitant\u00b7es actuel\u00b7les de l&rsquo;ex-Zad continuent de s&rsquo;organiser avec le CMDO ou restent silencieux\u00b7ses vis-\u00e0-vis des pratiques autoritaires que nous d\u00e9non\u00e7ons ce qui les rend complices de fait. Des habitant\u00b7es ont soutenu \u00e0 titre individuel la lutte au Carnet via des coups de main, des dons et nous leur sommes reconnaissant\u00b7es. D&rsquo;autres habitant\u00b7es de l&rsquo;ex-Zad de NDDL continuent de lutter contre l&rsquo;influence du CMDO et en subissent des cons\u00e9quences et nous souhaitons leur apporter notre soutien.<\/p>\n\n\n\n<p>Dans la suite, nous ne ferons plus de distinctions entre les personnes habitant l&rsquo;ex-Zad de NDDL pour ne pas encombrer le texte m\u00eame si nous ne souhaitons pas forc\u00e9ment mettre toustes dans le m\u00eame sac.<\/p>\n\n\n\n<p>Nous appelerons les personnes habitant NDDL avec lesquelles nous sommes en conflit les autoritaires de l&rsquo;ex-Zad, les l\u00e9galistes de l&rsquo;ex-Zad, les appelistes de l&rsquo;ex-Zad ou les appelos-autoritaires de l&rsquo;ex-Zad. Ces habitant\u00b7es de l&rsquo;ex-Zad sont en lien avec une association qui s&rsquo;appelle NDDL Poursuivre Ensemble.<\/p>\n\n\n\n<h3 class=\"wp-block-heading\">1.1. Pourquoi nous nous m\u00e9fions des personnes habitant actuellement la Zad de NDDL<\/h3>\n\n\n\n<p><em><strong>U<\/strong><\/em><em><strong>n \u00ab&nbsp;bref&nbsp;\u00bb historique depuis 2018 des conflits parfois violents sur la Zad de NDDL<\/strong><\/em><\/p>\n\n\n\n<p>Avant de parler de tentatives de r\u00e9cup\u00e9ration politique plus r\u00e9centes de la part des habitant\u00b7es de NDDL, il nous semble important de rappeler le contexte global. Nous avons s\u00e9lectionn\u00e9 de mani\u00e8re non exhaustive quelques faits marquants, en renvoyant vers des sources plus pr\u00e9cises.<\/p>\n\n\n\n<p><strong>\u00b7<\/strong> Fin janvier 2018, 200 personnes enl\u00e8vent les barricades situ\u00e9es sur une des routes de la Zad, la D281 dite route des chicanes, en bousculant les r\u00e9calcitrant\u00b7es<a href=\"https:\/\/zadducarnet.org\/index.php\/2021\/09\/04\/quand-nddl-se-prend-pour-le-petit-pere-des-luttes-entre-recuperation-et-autoritarisme\/#notes-de-bas-de-page\">\u00b9<\/a>.<\/p>\n\n\n\n<p><strong>\u00b7<\/strong> Le 20 mars 2018, 5 personnes cagoul\u00e9es arm\u00e9es de battes de baseball et de gazeuses tabassent des personnes dans un squat de la Zad de NDDL. Suite \u00e0 cela, la legal team de la Zad d\u00e9nonce le 30 mars 2018 des \u00ab\u00a0actions de milice \u00e0 la Zad\u00a0\u00bb dans un communiqu\u00e9 paru sur Indymedia Nantes<a href=\"https:\/\/zadducarnet.org\/index.php\/2021\/09\/04\/quand-nddl-se-prend-pour-le-petit-pere-des-luttes-entre-recuperation-et-autoritarisme\/#notes-de-bas-de-page\">\u00b2<\/a>.<\/p>\n\n\n\n<p><strong>\u00b7<\/strong> En avril\/mai 2018, les expulsions sur la Zad de NDDL ont r\u00eav\u00e9l\u00e9 des dissenssions profondes entre les personnes d\u00e9fendant des strat\u00e9gies l\u00e9galistes et les autres personnes de la Zad. Ces dissenssions seraient dures \u00e0 synth\u00e9tiser en quelques lignes. Pour plus de d\u00e9tails, on vous invite \u00e0 consulter la brochure \u00ab\u00a0R\u00e9flexions \u00e0 propos de la Zad : une autre histoire\u00a0\u00bb<a href=\"https:\/\/zadducarnet.org\/index.php\/2021\/09\/04\/quand-nddl-se-prend-pour-le-petit-pere-des-luttes-entre-recuperation-et-autoritarisme\/#notes-de-bas-de-page\">\u00b3<\/a> qui d\u00e9nonce de nombreuses pratiques autoritaires ayant eu lieu sur la Zad de NDDL de la part des personnes d\u00e9fendant des strat\u00e9gies l\u00e9galistes.<\/p>\n\n\n\n<p>Par la suite, afin de r\u00e9cup\u00e9rer les terres et lieux l\u00e9galisables mais \u00e9galement de faire taire et briser les derni\u00e8res copaines anars souhaitant r\u00e9sister \u00e0 la gentrification de NDDL, les appelos-autoritaires de NDDL n&rsquo;h\u00e9siteront pas \u00e0 employer des moyens digne d&rsquo;une milice : coffrages et tabassages (une personne aura m\u00eame ses jambes et bras cass\u00e9s !) et tentatives d&rsquo;expulsion et d&rsquo;incendies de lieux hors de contr\u00f4le des appelos.<\/p>\n\n\n\n<p><strong>\u00b7<\/strong> Le 21 mars 2020, une cabane du Rosier servant de sleeping est incendi\u00e9e<a href=\"https:\/\/zadducarnet.org\/index.php\/2021\/09\/04\/quand-nddl-se-prend-pour-le-petit-pere-des-luttes-entre-recuperation-et-autoritarisme\/#notes-de-bas-de-page\">\u2074<\/a>.<\/p>\n\n\n\n<p>Nous d\u00e9non\u00e7ons ces pratiques violentes de milices sur la Zad de NDDL. La liste est longue de pratiques dignes de milices, d&rsquo;une justice exp\u00e9ditive tout aussi violente que la justice de classe \u00e9tatique que nous souhaitons abolir.La liste est longue \u00e9galement de compromissions avec l&rsquo;\u00c9tat, quitte \u00e0 trahir et violenter les centaines de copaines qui ont donn\u00e9 une partie de leur vie (et en ont parfois pay\u00e9 le prix en \u00e9tant bless\u00e9 gravement ou fait de la t\u00f4le) pour d\u00e9fendre l&rsquo;utopie anar de la Zad de NDDL et qui pour nombre d&rsquo;entre elles\/eux sont reparties traumatis\u00e9es des prises de pouvoir et de la trahison des appelos de NDDL !<\/p>\n\n\n\n<p>Si c&rsquo;est \u00e7a leur nouveau monde, nous n&rsquo;en voulons pas !<\/p>\n\n\n\n<p>A cette \u00ab\u00a0justice\u00a0\u00bb violente et exp\u00e9ditive, servant d&rsquo;ailleurs surtout leurs int\u00e9r\u00eats (justice de classe non assum\u00e9e), nous revendiquons, m\u00eame si nous sommes loin d&rsquo;en avoir trouv\u00e9 les solutions et qu&rsquo;il est difficile de l&rsquo;appliquer, la recherche de la parole en groupe, de trouver des solutions avant l&rsquo;exclusion, d&rsquo;\u00e9couter les diff\u00e9rents partis engag\u00e9s dans le conflit et de tenter de trouver une solution par le dialogue et d&rsquo;autres solutions que l&rsquo;exclusion. Et surtout pas d&rsquo;en arriver \u00e0 des m\u00e9thodes violentes et autoritaires tel que le tabassage et le coffrage, pratiques dont la STASI serait bien fi\u00e8re !<\/p>\n\n\n\n<figure class=\"wp-block-image size-full\"><img loading=\"lazy\" decoding=\"async\" width=\"441\" height=\"397\" src=\"https:\/\/zadducarnet.org\/wp-content\/uploads\/2021\/09\/stal.cleaned.jpg\" alt=\"\" class=\"wp-image-2668\" srcset=\"https:\/\/zadducarnet.org\/wp-content\/uploads\/2021\/09\/stal.cleaned.jpg 441w, https:\/\/zadducarnet.org\/wp-content\/uploads\/2021\/09\/stal.cleaned-300x270.jpg 300w\" sizes=\"auto, (max-width: 441px) 100vw, 441px\" \/><\/figure>\n\n\n\n<h3 class=\"wp-block-heading\">1.2. Les contacts tr\u00e8s tendus entre la Zad du Carnet et l&rsquo;ex-Zad de NDDL<\/h3>\n\n\n\n<p><em><strong>Quand l&rsquo;ex-zad propose d&rsquo;enlever des plantes \u00e0 la main alors que nous gal\u00e9rons \u00e0 trouver de la nourriture<\/strong><\/em><\/p>\n\n\n\n<p>Les tensions entre la Zad du Carnet et l&rsquo;ex-Zad de NDDL commencent au tout d\u00e9but de la Zad du Carnet soit d\u00e9but septembre 2020. Le 11 septembre 2020, des personnes de l&rsquo;ex-Zad demandent \u00e0 organiser une action cl\u00e9 en main sur la Zad du Carnet. Cette action pr\u00e9voyait d&rsquo;enlever une plante dite invasive, le Baccharis, \u00e0 la main \u00e0 des fins de communication. En effet, l&rsquo;installation de la Zad avait emp\u00each\u00e9 la venue de pelleteuse qui aurait enlev\u00e9 le Baccharis ainsi que 30cm de profondeur de terre tout le long des berges. Cela aurait compl\u00e8tement d\u00e9truit la flore et la faune sur une zone consid\u00e9rable<a href=\"https:\/\/zadducarnet.org\/index.php\/2021\/09\/04\/quand-nddl-se-prend-pour-le-petit-pere-des-luttes-entre-recuperation-et-autoritarisme\/#notes-de-bas-de-page\">\u2075<\/a>. Les ex-zadistes de NDDL souhaitaient faire cette action afin de gagner du soutien local. Le plan de communication \u00e9tait le suivant : on emp\u00eache les pelleteuses d&rsquo;enlever le Baccharis de fa\u00e7on brutale et violente et \u00e0 la place, on l&rsquo;enl\u00e8ve \u00e0 la main.<\/p>\n\n\n\n<p>\u00c0 cette p\u00e9riode, les zadistes du Carnet \u00e9taient occup\u00e9\u00b7es \u00e0 construire des cabanes, des barricades, \u00e0 trouver de l&rsquo;eau et de la nourriture pour survivre au jour le jour ! Face aux besoins vitaux de la Zad, la proposition de NDDL \u00e9tait compl\u00e8tement hors sol et deconnect\u00e9e de la lutte. La fa\u00e7on de proposer l&rsquo;action \u00e9tait presque m\u00e9prisante envers les zadistes du Carnet. Sous pr\u00e9texte d&rsquo;avoir \u00ab\u00a0gagn\u00e9\u00a0\u00bb \u00e0 NDDL, les ex-zadistes du haut de leur tour d&rsquo;ivoire militante pensaient-iels \u00eatre omniscient\u00b7es et n&rsquo;avoir pas besoin d&rsquo;aller sur le terrain pour d\u00e9terminer ce qu&rsquo;il fallait faire ? De plus, l&rsquo;action se voulait estampill\u00e9e NDDL Poursuivre Ensemble et \u00e9tait pens\u00e9e pour faire de la com&rsquo; positive sur le fait que NDDL aidait la Zad du Carnet ce qui concr\u00e8tement n&rsquo;\u00e9tait pas le cas. Au final, la demande est rest\u00e9e sans r\u00e9ponses et l&rsquo;action n&rsquo;a pas eu lieu. Par la suite, \u00e9videmment, aucun\u00b7e riverain\u00b7e ne nous reprocha de ne pas avoir enlev\u00e9 le Baccharis&#8230;<\/p>\n\n\n\n<p><em><strong>Quand l&rsquo;ex-zad de NDDL souhaite organiser la d\u00e9fense du Carnet sans y inviter les personnes luttant sur le terrain<\/strong><\/em><\/p>\n\n\n\n<p>Le 15 septembre, NDDL Poursuivre Ensemble envoie un mail intitul\u00e9 \u00ab\u00a0APPEL G\u00c9N\u00c9RAL POUR ORGANISER LA D\u00c9FENSE DU SITE DU CARNET\u00a0\u00bb. Le mail invite \u00e0 une r\u00e9union pour contrer le projet industriel sur l&rsquo;\u00eele du Carnet qui aurait lieu le 10 octobre \u00e0 l&rsquo;Ambazada, lieu \u00e0 Notre-Dame-Des-Landes. Cet appel est pour nous symbolique de la volont\u00e9 centralisatrice et autoritaire de NDDL ainsi que de leur d\u00e9connexion compl\u00e8te de la lutte sur place. D&rsquo;ailleurs pr\u00e9cisons qu&rsquo;un \u00ab\u00a0appel pour organiser\u00a0\u00bb, n&rsquo;est pas un \u00ab\u00a0appel pour soutenir\u00a0\u00bb, les intentions sont bien diff\u00e9rentes.<\/p>\n\n\n\n<p>En effet, ni les zadistes du Carnet, ni le collectif Stop Carnet tr\u00e8s actif dans la lutte sur place n&rsquo;ont \u00e9t\u00e9 pr\u00e9venus en amont de l&rsquo;existence de cette r\u00e9union. L&rsquo;appel est r\u00e9dig\u00e9 comme si les zadistes du Carnet n&rsquo;existaient pas, comme si nous n&rsquo;\u00e9tions pas capables de nous organiser nous-m\u00eames&#8230; Et pourquoi choisir de faire une r\u00e9union \u00e0 NDDL et non demander aux zadistes du Carnet de la faire sur l&rsquo;\u00eele m\u00eame du Carnet, situ\u00e9e \u00e0 seulement environ 1h de route si ce n&rsquo;est pour prendre du pouvoir centralisateur et de faire de la com&rsquo; au profit de NDDL ?<\/p>\n\n\n\n<p>Le collectif Stop Carnet a d\u00e9nonc\u00e9 cette initiative et demand\u00e9 l&rsquo;annulation de la r\u00e9union imm\u00e9diatement. Sur la Zad, aucune position collective n&rsquo;a \u00e9t\u00e9 act\u00e9e m\u00eame si la tendance g\u00e9n\u00e9rale \u00e9tait de trouver l&rsquo;initiative choquante. Seulement quelques zadistes du Carnet sont all\u00e9\u00b7es \u00e0 titre personnels \u00e0 cette r\u00e9union du 10 octobre afin d&rsquo;observer le contenu des \u00e9changes.<\/p>\n\n\n\n<p>Les autres participant\u00b7es \u00e0 cette r\u00e9union \u00e9taient des assos environnementales ayant accompagn\u00e9 le projet d&rsquo;agrandissement du port de Saint-Nazaire, ainsi que des repr\u00e9sentant\u00b7es de partis politiques, de syndicats et d&rsquo;assos l\u00e9galistes. Apr\u00e8s de longs d\u00e9bats houleux, rien de constructif ne sortira de cette r\u00e9union si ce n&rsquo;est une tentative de se retrouver pour une \u00ab\u00a0coordination de la d\u00e9fense de l&rsquo;Estuaire\u00a0\u00bb fin octobre au Village du Peuple.<\/p>\n\n\n\n<p>Suite \u00e0 cette premi\u00e8re r\u00e9union et notamment \u00e0 la pr\u00e9sence de partis politiques et d&rsquo;associations qui avaient accompagn\u00e9 le projet industriel, le collectif Stop Carnet et la Zad du Carnet communiquent ensemble qu&rsquo;ils ne souhaitent pas participer \u00e0 la coordination.<\/p>\n\n\n\n<p>Nous pensons que NDDL Poursuivre Ensemble et l&rsquo;ex-Zad de NDDL souhaitaient par cette r\u00e9union montrer au \u00ab\u00a0grand public militant\u00a0\u00bb qu&rsquo;iels n&rsquo;\u00e9taient pas juste centr\u00e9\u00b7es sur elleux-m\u00eames et leurs \u00e9co-lieux \u00e0 financer, mais \u00e9galement acteur\u00b7ices des luttes locales. Pourtant, \u00e9trangement, on ne les aura gu\u00e8re vu \u00e0 la lutte contre le Surf Park (ZAP la vague) et \u00e0 la Zad de la dune (Br\u00e9tignolles sur mer)&#8230;<\/p>\n\n\n\n<p><em><strong>Malgr\u00e9 le refus explicite de la Zad du Carnet de participer \u00e0 une coordination lanc\u00e9e par NDDL, NDDL continue d&rsquo;essayer<\/strong><\/em><\/p>\n\n\n\n<p>Apr\u00e8s l&rsquo;expulsion du Village du Peuple le 14 octobre, la \u00ab\u00a0coordination de la d\u00e9fense de l&rsquo;Estuaire\u00a0\u00bb se retrouve sans lieu o\u00f9 se retrouver. Nous d\u00e9couvrons alors que NDDL Poursuivre Ensemble d\u00e9cide, encore une fois de mani\u00e8re autoritaire et verticale, d&rsquo;organiser la r\u00e9union \u00e0 Paimboeuf, une ville situ\u00e9e \u00e0 deux pas de l&rsquo;\u00eele du Carnet. Nous r\u00e9it\u00e9rons notre demande de stopper cette coordination en leur disant que si coordination il y a ou collectif global de d\u00e9fense du Carnet, cela partira de l&rsquo;initiative des personnes et collectifs engag\u00e9es sur le terrain au Carnet.<\/p>\n\n\n\n<p>La r\u00e9union se fera quand m\u00eame malgr\u00e9 nos mails et coups de t\u00e9l\u00e9phone r\u00e9p\u00e9t\u00e9s, comme si de plus nous n&rsquo;avions pas \u00e0 ce moment l\u00e0 d&rsquo;autres \u00e9nergies \u00e0 mettre comme dans la construction urgente de cabanes en vue de l&rsquo;hiver qui venait ou dans la communication aupr\u00e8s des habitant\u00b7es du coin&#8230; Mais l&rsquo;ex-lutte de NDDL est une \u00ab\u00a0sachante\u00a0\u00bb: elle sait ce qui est bon pour nous !<\/p>\n\n\n\n<p>Des membres du collectif Stop Carnet et des habitant\u00b7es de la ZAD du Carnet vont alors lire un communiqu\u00e9 commun au tout d\u00e9but de la r\u00e9union pr\u00e9cisant tout ce que nous pensions de bien de cette initiative et repartent ensuite. Malgr\u00e9 la lecture de ce communiqu\u00e9 et malgr\u00e9 le boycott des principaux acteurs de la lutte \u00e0 cette coordination de d\u00e9fense du Carnet, les participant\u00b7es (majoritairement de NDDL poursuivre Ensemble et des autoritaires de l&rsquo;ex-Zad) vont continuer la r\u00e9union comme si de rien n&rsquo;\u00e9tait&#8230;<\/p>\n\n\n\n<p>La coordination a par la suite tourn\u00e9 court et n\u2019a plus donn\u00e9 de nouvelles, le confinement ayant certainement jou\u00e9 dans l&rsquo;arr\u00eat de cette dynamique de tentative de r\u00e9cup\u00e9ration de la lutte du Carnet.<\/p>\n\n\n\n<h3 class=\"wp-block-heading\"><a><\/a>1.3. La derni\u00e8re provocation en date : le d\u00e9bat sur les luttes territoriales lors du rassemblement intergalactique<\/h3>\n\n\n\n<p>Cet \u00e9t\u00e9 2021, nous apprenons que les victoires contre le projet du Surf Park de Saint-P\u00e8re-en-Retz et contre le projet de port de Br\u00e9tignolles vont \u00eatre c\u00e9l\u00e9br\u00e9es lors des rassemblements intergalactiques 2021<a href=\"https:\/\/zadducarnet.org\/index.php\/2021\/09\/04\/quand-nddl-se-prend-pour-le-petit-pere-des-luttes-entre-recuperation-et-autoritarisme\/#notes-de-bas-de-page\">\u2076<\/a>. Le m\u00eame \u00e9v\u00e9nement pr\u00e9voit une discussion sur \u00ab\u00a0comment stopper [&#8230;] une relance de la machine au Carnet\u00a0\u00bb.<\/p>\n\n\n\n<p>Nous rappelons que les ex-zadistes de NDDL n&rsquo;ont aucunement particip\u00e9 ni aux luttes contre le Surf Park ni aux luttes contre le port de Br\u00e9tignolles. Et que, encore une fois, ni les zadistes de la Dune qui ont lutt\u00e9 contre le projet de port, ni les collectifs engag\u00e9s contre le Surf Park, ni les zadistes du Carnet n&rsquo;ont \u00e9t\u00e9 pr\u00e9venu\u00b7es en amont de l&rsquo;existence de cette r\u00e9union et qu&rsquo;iels n&rsquo;ont pas \u00e9t\u00e9 invit\u00e9\u00b7es\u2026<\/p>\n\n\n\n<p>Et quel moment pour c\u00e9l\u00e9brer nos victoires sans nous et avant nous ! En effet, ces derniers temps, suite \u00e0 l&rsquo;expulsion de la ZAD du Carnet et face \u00e0 la r\u00e9pression intense qui a suivi, nous \u00e9tions \u00e9puis\u00e9\u00b7es et n&rsquo;avons pas pu organiser \u00ab\u00a0la c\u00e9l\u00e9bration\u00a0\u00bb de ces r\u00e9centes victoires. Il est \u00e9trange \u00e9galement de remarquer que ces trois luttes auxquels l&rsquo;ex-ZAD de NDDL n&rsquo;a pas particip\u00e9 ou dans laquelle nous ne voulions pas de leur chapeautage aient \u00e9t\u00e9 rajout\u00e9es au dernier moment dans une mise \u00e0 jour de cet atelier (3 jours environ avant l&rsquo;organisation de l&rsquo;atelier, au d\u00e9part \u00e9taient seulement indiqu\u00e9 une discussion sur les luttes dans l&rsquo;ouest sans \u00e9voquer ces trois luttes).<\/p>\n\n\n\n<p>Si nous avions remarqu\u00e9 \u00e0 l&rsquo;avance que ces trois luttes \u00e9taient \u00e9voqu\u00e9es, nous nous serions organis\u00e9\u00b7es pour venir en nombre \u00e0 cet atelier-discussion pour demander \u00e0 ce que cette discussion et ces c\u00e9l\u00e9brations de victoires n&rsquo;aient pas lieu \u00e0 NDDL. Mais peut-\u00eatre que l&rsquo;ex-Zad de NDDL l&rsquo;avait justement anticip\u00e9&#8230;<\/p>\n\n\n\n<p>Notre col\u00e8re est encore plus forte en sachant que des copaines de la Zad du Carnet n&rsquo;ayant pas de solution de logement apr\u00e8s l&rsquo;expulsion, sont pr\u00e9sent\u00b7es depuis \u00e0 NDDL sur la zone Est et n&rsquo;ont m\u00eame pas \u00e9t\u00e9 mis\u00b7es au courant une seconde de cette discussion \u00e9voquant le Carnet ! Cela d\u00e9montre plus que tout la volont\u00e9 de l&rsquo;ex-Zad de NDDL d&rsquo;organiser une discussion orient\u00e9e par leurs soins, de r\u00e9cup\u00e9rer la lutte et de ne pas avoir de voix dissonantes au chapitre\u2026<\/p>\n\n\n\n<p>Une col\u00e8re encore plus forte \u00e9galement puisqu&rsquo;iels se permettent d&rsquo;organiser des c\u00e9l\u00e9brations de victoires sans les soutenir derri\u00e8re (et sans avoir soutenu les luttes en amont). Des copaines subissent encore une forte r\u00e9pression li\u00e9e \u00e0 la lutte contre le projet de Surf Park sans que l&rsquo;ex-Zad ne s&rsquo;en soit fait le relais ! C\u00e9l\u00e9brer une victoire tout en ne soutenant pas les principaux acteurs de cette lutte subissant la r\u00e9pression, quelle belle preuve de solidarit\u00e9 militante !<\/p>\n\n\n\n<p>Mais s&rsquo;il y a bien une chose qui d\u00e9montre leur d\u00e9connexion totale de ces luttes qu&rsquo;ils souhaitent coordonner et c\u00e9l\u00e9brer sans les soutenir, c&rsquo;est bien la mention de \u00ab\u00a0c\u00e9l\u00e9brer la victoire contre l&rsquo;agrandissement du port de Br\u00e9tignolles !\u00a0\u00bb Sic ! La lutte \u00e0 Br\u00e9tignolles a \u00e9t\u00e9 gagn\u00e9e notamment gr\u00e2ce \u00e0 la Zad de la dune qui a emp\u00each\u00e9 les travaux de destruction de la dune de la Normandeli\u00e8re. Elle n\u2019\u00e9tait non pas contre l&rsquo;agrandissement d&rsquo;un port&#8230; puisqu&rsquo;il n&rsquo;y a pas de port \u00e0 Br\u00e9tignolles ! Il s&rsquo;agissait justement de lutter contre la cr\u00e9ation insens\u00e9e d&rsquo;un port artificiel !<\/p>\n\n\n\n<p>C\u00e9l\u00e9brer une victoire sans m\u00eame en conna\u00eetre les fondements&#8230; bravo \u00e0 l&rsquo;ex-Zad pour cette belle preuve de lien avec les luttes locales<a href=\"https:\/\/zadducarnet.org\/index.php\/2021\/09\/04\/quand-nddl-se-prend-pour-le-petit-pere-des-luttes-entre-recuperation-et-autoritarisme\/#notes-de-bas-de-page\">\u2077<\/a> !<\/p>\n\n\n\n<h3 class=\"wp-block-heading\"><strong>1.4. Il ne s&rsquo;agit pas que d&rsquo;une histoire d&rsquo;invitation, nous refusons l&rsquo;aide de ces personnes<\/strong><\/h3>\n\n\n\n<p>Mais la probl\u00e9matique ne se limite pas \u00e0 une question d&rsquo;invitation, nous refusons l&rsquo;aide paternaliste de l&rsquo;ex-Zad de NDDL, car nous souhaitons de l&rsquo;horizontalit\u00e9 entre les luttes et non qu&rsquo;elles soient chapeaut\u00e9es par une autorit\u00e9 \u00ab\u00a0naturelle\u00a0\u00bb, qu&rsquo;elle soit bienveillante ou non n&rsquo;est pas la question. Plus pr\u00e9cis\u00e9ment nous refusons l&rsquo;aide de l&rsquo;institution qu&rsquo;est devenue l&rsquo;ex-Zad de NDDL. Cela ne nous emp\u00eache pas par ailleurs de construire des liens et des solidarit\u00e9s avec certain\u00b7es des habitant\u00b7es de NDDL.<\/p>\n\n\n\n<h2 class=\"wp-block-heading\">2. Nos diff\u00e9rences de pratiques sont irr\u00e9conciliables.<\/h2>\n\n\n\n<h3 class=\"wp-block-heading\"><a><\/a>2.1. La Zad communique pour appuyer le rapport de force dans son processus de l\u00e9galisation<\/h3>\n\n\n\n<p>Apr\u00e8s les expulsions de 2018 et la volont\u00e9 des autoritaires de NDDL de n\u00e9gocier avec l&rsquo;\u00c9tat pour r\u00e9cup\u00e9rer l\u00e9galement des terres<a href=\"https:\/\/zadducarnet.org\/index.php\/2021\/09\/04\/quand-nddl-se-prend-pour-le-petit-pere-des-luttes-entre-recuperation-et-autoritarisme\/#notes-de-bas-de-page\">\u2078<\/a>, l&rsquo;ex-Zad de NDDL concentre toute son \u00e9nergie \u00e0 mobiliser du monde pour engager un rapport de force avec les institutions pour r\u00e9cup\u00e9rer des baux l\u00e9gaux sur les terres de NDDL. Les mobilisations \u00e0 Nantes s&rsquo;essoufflent petit \u00e0 petit ne rassemblant plus qu&rsquo;une centaine de personnes. Le rapport de force est mal engag\u00e9 et les soutiens \u00e0 la lutte de moins en moins pr\u00e9sents&#8230;<\/p>\n\n\n\n<p>Le mouvement agir contre la r\u00e9intoxication du monde et les soul\u00e8vements de la terre, ultra-centralis\u00e9es autour de NDDL, ainsi que la relance du festival militant Zad envies \u00e0 partir de 2020 permet \u00e0 l&rsquo;ex-Zad de NDDL de se remettre sur le devant des projecteurs\u2026 Mais pour que ces mouvements n&rsquo;\u00e9chappent pas \u00e0 l&rsquo;ex-Zad et \u00e0 sa volont\u00e9 de rester au centre de l&rsquo;attention et sa volont\u00e9 de chapeautage des luttes, il est n\u00e9cessaire pour elle que l&rsquo;organisation de ces mouvements reste centralis\u00e9e \u00e0 NDDL.<\/p>\n\n\n\n<p>Cette volont\u00e9 strat\u00e9gique de la part de l&rsquo;ex-Zad de rester au centre des luttes n\u00e9cessite \u00e9galement de chapeauter les luttes, de faire constamment r\u00e9seau, mais non pas r\u00e9seau horizontal, mais bien r\u00e9seau centralis\u00e9 vers NDDL (le principe de \u00ab\u00a0convergence\u00a0\u00bb). Quitte \u00e0 user de moyens autoritaires ou crades comme vous avez pu en avoir le r\u00e9cit en ce d\u00e9but de texte.<\/p>\n\n\n\n<p>Cette strat\u00e9gie n\u00e9cessite \u00e9galement une communication importante autour de NDDL, quitte \u00e0 \u00e9clipser en terme d&rsquo;attention militante des luttes actuelles sur lesquelles les besoins humains\/mat\u00e9riels\/financiers sont pourtant urgents ! L&rsquo;ex-Zad de NDDL n&rsquo;est pourtant plus en lutte et est surtout toujours en voie de l\u00e9galisation vers un vaste \u00e9co-lieu militant comme on peut en trouver partout en France&#8230;<\/p>\n\n\n\n<p>Tout cela se fait \u00e0 l&rsquo;inverse m\u00eame de toute id\u00e9e de r\u00e9elle convergence des luttes, partant du terrain pour aller vers de l&rsquo;orga horizontale !<\/p>\n\n\n\n<h3 class=\"wp-block-heading\"><a><\/a><strong>2.<\/strong><strong>2. <\/strong><strong>La <\/strong><strong>Z<\/strong><strong>ad<\/strong><sup><strong>\u00ae<\/strong><\/sup><strong> communique pour financer ses \u00e9co-lieux l\u00e9galistes au d\u00e9triment d&rsquo;autres luttes<\/strong><\/h3>\n\n\n\n<p><em><strong>Centraliser autour de NDDL<\/strong><\/em><sup>\u00ae<\/sup> <em><strong>pour se faire de la comm&rsquo; et du fric<\/strong><\/em><\/p>\n\n\n\n<figure class=\"wp-block-image size-large\"><img loading=\"lazy\" decoding=\"async\" width=\"1024\" height=\"166\" src=\"https:\/\/zadducarnet.org\/wp-content\/uploads\/2021\/09\/triton-1024x166.png\" alt=\"\" class=\"wp-image-2667\" srcset=\"https:\/\/zadducarnet.org\/wp-content\/uploads\/2021\/09\/triton-1024x166.png 1024w, https:\/\/zadducarnet.org\/wp-content\/uploads\/2021\/09\/triton-300x48.png 300w, https:\/\/zadducarnet.org\/wp-content\/uploads\/2021\/09\/triton-768x124.png 768w, https:\/\/zadducarnet.org\/wp-content\/uploads\/2021\/09\/triton.png 1256w\" sizes=\"auto, (max-width: 1024px) 100vw, 1024px\" \/><figcaption><em>Image pr\u00e9sentant la page HelloAsso de dons pour l\u2019\u00e9cole des tritons<\/em><\/figcaption><\/figure>\n\n\n\n<p><img decoding=\"async\" src=\"\" width=\"100%\">Nous avons l&rsquo;impression que la volont\u00e9 de centraliser les luttes de l&rsquo;ouest \u00e0 NDDL<sup><strong>\u00ae<\/strong><\/sup> r\u00e9sulte du besoin d&rsquo;exister de l&rsquo;ex-Zad n\u00e9cessaire dans le bras de fer en cours, dans le processus de l\u00e9galisation, avec la pr\u00e9fecture et le d\u00e9partement. C&rsquo;est aussi une mani\u00e8re de redonner du sens \u00e0 leur pr\u00e9sence sur cet ancien lieu de lutte \u00e0 travers de grands \u00e9v\u00e9nements qui rassemblent les luttes et personnes sensibles \u00e0 ces luttes \u00e0 l&rsquo;image de Zad Envie<sup><strong>\u00ae<\/strong><\/sup> ou les rencontres intergalactiques<sup><strong>\u00ae<\/strong><\/sup>, ou comme base arri\u00e8re qui sponsorise d&rsquo;autres luttes, particuli\u00e8rement en Loire-Atlantique, ou des actions comme les campagnes des soul\u00e8vements de la terre.<\/p>\n\n\n\n<p>Cette mani\u00e8re d&rsquo;\u00eatre central dans les luttes est aussi un moyen d&rsquo;exister et de communiquer sur ses importants besoins financiers pour le rachat des terres et celle des projets de la Zad<sup><strong>\u00ae<\/strong><\/sup> \u00e0 l&rsquo;image de l&rsquo;\u00e9cole des Tritons<sup><strong>\u00ae<\/strong><\/sup>.<\/p>\n\n\n\n<p>En effet, les besoins de l&rsquo;\u00e9co-lieu NDDL<sup><strong>\u00ae<\/strong><\/sup> sont cons\u00e9quents pour parvenir \u00e0 r\u00e9cup\u00e9rer les terres.<\/p>\n\n\n\n<p>Un fonds de dotation est lanc\u00e9 \u00e0 grands renforts de comm pour acheter des terres et les objectifs sont plus qu&rsquo;ambitieux : \u00a0\u00bb 3 millions d&rsquo;euros \u00e0 moyen terme et de 1.5 millions d&rsquo;euros d\u00e8s le d\u00e9but 2020&Prime;<a href=\"https:\/\/zadducarnet.org\/index.php\/2021\/09\/04\/quand-nddl-se-prend-pour-le-petit-pere-des-luttes-entre-recuperation-et-autoritarisme\/#notes-de-bas-de-page\">\u2079<\/a>\u2026<\/p>\n\n\n\n<p>Et le probl\u00e8me n&rsquo;est pas tant qu&rsquo;il y ait eu cet appel \u00e0 dons, car pas mal d&rsquo;autres lieux en ont besoin partout en France pour s&rsquo;installer, mais bien qu&rsquo;il provienne de l&rsquo;ex-Zad de NDDL<sup><strong>\u00ae<\/strong><\/sup> qui se revendique toujours en lutte contre le capitalisme, l&rsquo;\u00c9tat, se revendiquant proche des luttes zapatistes et d&rsquo;autres luttes en rupture avec le syst\u00e8me capitaliste et \u00e9tatique. Le probl\u00e8me est que cet appel \u00e0 dons dantesque \u00e0 grands renforts de comm version start up Zad 2.0<sup><strong>\u00ae<\/strong><\/sup> va \u00e0 l&rsquo;inverse de tout l&rsquo;imaginaire v\u00e9hicul\u00e9 encore par la Zad de NDDL et des milliers de personnes qui se sont battues \u00e0 NDDL pour un espace lib\u00e9r\u00e9 justement de la propri\u00e9t\u00e9 priv\u00e9e et du fric !<\/p>\n\n\n\n<p>Au passage, 3 millions d&rsquo;euros, c&rsquo;est autant d&rsquo;argent capt\u00e9 par la lutte de NDDL qui ne vont pas \u00e0 d&rsquo;autres luttes qui se retrouvent isol\u00e9es et qui gal\u00e8rent pour trouver des thunes pour soutenir des copaines en t\u00f4le ou pour des proc\u00e8s ! Tels que justement les luttes \u00e0 2 portes de chez eux !<\/p>\n\n\n\n<p>Mais cet objectif ambitieux demande du coup d&rsquo;\u00eatre sans cesse sur le devant de la sc\u00e8ne afin de r\u00e9cup\u00e9rer suffisamment de dons. Face \u00e0 l\u2019essoufflement de la mobilisation li\u00e9e \u00e0 NDDL, il \u00e9tait s\u00fbrement n\u00e9cessaire pour l&rsquo;ex-Zad de NDDL de montrer qu&rsquo;elle \u00e9tait toujours en lutte et de ne plus seulement rester centr\u00e9e sur elle-m\u00eame.<\/p>\n\n\n\n<p><strong>Cela n&rsquo;est pourtant pas si compliqu\u00e9 de soutenir des luttes sans les accaparer \u00e0 son profit<\/strong><\/p>\n\n\n\n<p>Si NDDL veut soutenir des luttes, iels ne sont pas oblig\u00e9\u00b7es de le faire en organisant des choses \u00e0 la place des collectifs et personnes les premi\u00e8res concern\u00e9es et engag\u00e9es dans ces luttes. Et iels ne sont pas oblig\u00e9\u00b7es de le faire en se mettant en avant par rapport aux luttes concern\u00e9es. Les moyens de soutenir ces luttes (sans demander de contreparties&#8230;) ne manquent pas : relayer les infos, proposer un soutien logistique ou partager leur grosse fortune, relayer les appels \u00e0 dons pour aider des caisses antirep, partager leurs contacts&#8230;<\/p>\n\n\n\n<h3 class=\"wp-block-heading\"><a><\/a>2.3. Nous ne souhaitons pas r\u00e9duire les luttes au spectacle de la communication<\/h3>\n\n\n\n<figure class=\"wp-block-image size-large\"><img loading=\"lazy\" decoding=\"async\" width=\"1024\" height=\"575\" src=\"https:\/\/zadducarnet.org\/wp-content\/uploads\/2021\/09\/ettoc.cleaned-1024x575.jpg\" alt=\"\" class=\"wp-image-2666\" srcset=\"https:\/\/zadducarnet.org\/wp-content\/uploads\/2021\/09\/ettoc.cleaned-1024x575.jpg 1024w, https:\/\/zadducarnet.org\/wp-content\/uploads\/2021\/09\/ettoc.cleaned-300x169.jpg 300w, https:\/\/zadducarnet.org\/wp-content\/uploads\/2021\/09\/ettoc.cleaned-768x431.jpg 768w, https:\/\/zadducarnet.org\/wp-content\/uploads\/2021\/09\/ettoc.cleaned.jpg 1200w\" sizes=\"auto, (max-width: 1024px) 100vw, 1024px\" \/><\/figure>\n\n\n\n<p><em><strong>L<\/strong><\/em><em><strong>\u00e9galisation <\/strong><\/em><em><strong>et<\/strong><\/em><em><strong> privatisation marchande<\/strong><\/em><\/p>\n\n\n\n<p>En fait, si on essaye de d\u00e9caler le regard en ce qui concerne les agissements de ces \u00e9colieux dans le monde militant, on peut expliquer en partie pourquoi NDDL est effectivement dans une logique de r\u00e9cup\u00e9ration des luttes ext\u00e9rieures, \u00e0 des fins de profit individuel (ou en tout cas \u00e0 l\u2019\u00e9chelle locale de bande de potes sur leur terrain l\u00e9galis\u00e9).<\/p>\n\n\n\n<p>Les l\u00e9galistes de NDDL ont saut\u00e9 \u00e0 pieds joints dans la bureaucratie professionnelle de l\u2019\u00c9tat en acceptant de commencer \u00e0 n\u00e9gocier, puis \u00e0 se l\u00e9galiser. Cela a n\u00e9cessairement impliqu\u00e9 l\u2019abandon des vis\u00e9es anticapitalistes des participant\u00b7es, au profit d\u2019une lib\u00e9ralisation<a href=\"https:\/\/zadducarnet.org\/index.php\/2021\/09\/04\/quand-nddl-se-prend-pour-le-petit-pere-des-luttes-entre-recuperation-et-autoritarisme\/#notes-de-bas-de-page\">\u00b9\u2070<\/a> \u00e0 marche forc\u00e9e des lieux (on pourrait peut \u00eatre plut\u00f4t dire une \u00ab privatisation \u00bb). Vraiment&nbsp;! Comment la frange la plus bourgeoise et scolaire des habitants de la Zone a-t-elle pu se mettre \u00e0 croire qu\u2019en se l\u00e9galisant, en d\u00e9gageant (ou capitalisant) au minimum un smic par \u00e9co-lieu, ces gens l\u00e0 n\u2019allaient pas s\u2019engouffrer bouche ouverte dans une logique d\u2019accumulation ? D\u2019accumulation de richesses, d\u2019une reconversion du temps de vie en temps salarial, et d\u2019une sortie d\u2019un fonctionnement majoritairement non marchand sur la ZAD ?<\/p>\n\n\n\n<p>Ces \u00e9colieux, dont l\u2019illustre future \u00ab \u00e9cole des tritons \u00bb (pour ne citer qu\u2019elle), qui proposent des colonies de vacances \u00e0 500 balles la semaine par personnes avec une obligation de travail \u00ab [&#8230;]\u00e0 15h par semaine de temps de chantiers \u00bb<a href=\"https:\/\/zadducarnet.org\/index.php\/2021\/09\/04\/quand-nddl-se-prend-pour-le-petit-pere-des-luttes-entre-recuperation-et-autoritarisme\/#notes-de-bas-de-page\">\u00b9\u00b9<\/a>, sont-ils r\u00e9ellement autre chose que de la marchandise pour la soci\u00e9t\u00e9 capitaliste ? Sont-ils capables d\u2019inventer autre chose que de faire entrer leurs activit\u00e9s dans une d\u00e9marche de production de valeur marchande ? On peut clairement en douter. En fait, on peut dire que NDDL, ou du moins les lieux ayant consciemment travaill\u00e9 \u00e0 se l\u00e9galiser, se sont int\u00e9gr\u00e9s \u00e0 l\u2019\u00e9tat.<\/p>\n\n\n\n<p><em><strong>Lutte \u00ab&nbsp;contre l\u2019a\u00e9roport&nbsp;\u00bb, lutte contre \u00ab&nbsp;son monde&nbsp;\u00bb, et soci\u00e9t\u00e9 du spectacle<\/strong><\/em><a href=\"https:\/\/zadducarnet.org\/index.php\/2021\/09\/04\/quand-nddl-se-prend-pour-le-petit-pere-des-luttes-entre-recuperation-et-autoritarisme\/#notes-de-bas-de-page\">\u00b9\u00b2<\/a><\/p>\n\n\n\n<p>Dans cette logique, d\u00e9coule n\u00e9cessairement cet ensemble de strat\u00e9gies de survies, cadr\u00e9es par la pr\u00e9fecture, au risque de perdre les lieux si l\u2019entreprise de l\u00e9galisation n\u2019est pas assez z\u00e9l\u00e9e : \u00e9cole des tritons payante pr\u00e9textant la formation d\u2019esprits proches de la nature, soul\u00e8vements de la terre tr\u00e8s ax\u00e9s sur la comm, ou encore les \u00ab Zad envies \u00bb, dont le fondement n\u2019est plus la construction d\u2019alternatives radicales dans un rapport de force direct avec l\u2019\u00e9tat, mais plut\u00f4t l\u2019utilisation d\u00e9sincarn\u00e9e de tactiques qui d\u00e9finissent nos moyens de lutter (sabotage, occupations de lieux\u2026), sur un mode spectaculaire. On s\u2019explique.<\/p>\n\n\n\n<p>Une des caract\u00e9ristique de la lib\u00e9ralisation de nos luttes, c&rsquo;est l&rsquo;essentialisation (r\u00e9duction du militantisme \u00e0 une image) du militantisme, des luttes \u00e0 l&rsquo;image des luttes. Les luttes sont des processus, des regroupements vivants de collectifs et d&rsquo;individualit\u00e9s diverses pour contrer des projets d\u00e9termin\u00e9s, et id\u00e9alement, inventer autre chose \u00e0 la place. Qu&rsquo;il s&rsquo;agisse de la composition du Black Bloc, de l\u2019\u00e9volution politique du mouvement des gilets jaunes ou m\u00eame de la vivacit\u00e9 des forces politiques \u00e0 l&rsquo;\u00e9poque de la r\u00e9elle Zad de NDDL, les mouvements contestataires sont toujours en constante \u00e9volution. C&rsquo;est parce qu&rsquo;ils sont vivants qu&rsquo;ils \u00e9voluent en permanence et qu\u2019ils peuvent dans certains cas \u00eatre difficile \u00e0 d\u00e9finir.<\/p>\n\n\n\n<p>Alors, privil\u00e9gier, jusqu\u2019\u00e0 l&rsquo;exclusivit\u00e9, une lutte politique \u00e0 une histoire de comm, d&rsquo;approche spectaculaire de la lutte, c&rsquo;est justement r\u00e9duire une lutte \u00e0 une image, un spectacle. Et, comme toutes les images, elles n&rsquo;ont ni vies, ni profondeur mais surtout, sont r\u00e9cup\u00e9r\u00e9es voire g\u00e9n\u00e9r\u00e9es par la soci\u00e9t\u00e9 marchande du capitalisme : elles sont converties en marchandises.<\/p>\n\n\n\n<p>NDDL se retrouve, particuli\u00e8rement depuis la fin de la Zad, dans cette position d\u00e9sincarn\u00e9e, puisqu&rsquo;elle n&rsquo;est plus en lutte, les gens qui habitent aujourd&rsquo;hui ses \u00e9colieux n&rsquo;ont d&rsquo;autres choix que de surfer sur le souvenir de la Zad, en faisant constamment appel \u00e0 ces images pass\u00e9es afin de gagner des thunes pour prouver \u00e0 la pref qu\u2019iels sont bien rentr\u00e9\u00b7es dans le rang. \u00c0 cela s\u2019ajoute l\u2019obligation de rester en vie via des modes d\u2019organisation impos\u00e9s par l\u2019\u00c9tat.<\/p>\n\n\n\n<p>Dans le cas de NDDL, le v\u00e9cu de la lutte, (d\u2019un territoire d\u00e9fini dans et par la lutte via un communisme de pratique dans une dynamique et des valeurs anarchistes), s\u2019\u00e9loigne toujours un peu mieux de NDDL. Que ses agents d\u2019\u00e9tat fra\u00eechement convertis le veuillent ou non, qu\u2019ils tentent de g\u00e9(n\u00e9)rer les soul\u00e8vements de la terre ailleurs ou des rencontres intergalactiques ici n\u2019y changera rien, l\u2019ex-Zad de NDDL n\u2019est, par ce genre de r\u00e9cup\u00e9ration, plus que la repr\u00e9sentation de ce qu\u2019elle fut jadis : elle n\u2019est plus qu\u2019un spectacle, plus qu\u2019une image morte et fig\u00e9e. C\u2019est pour cette raison qu\u2019il est tr\u00e8s grave que NDDL c\u00e9l\u00e8bre les victoires de luttes auxquelles elle n\u2019a pas particip\u00e9 (ZAP la vague), voir tent\u00e9 de saboter (Le Carnet), ou tent\u00e9 de se faire de la pub dessus (ZAD de la Dune).<\/p>\n\n\n\n<p>En fin de compte, y a-t-il encore une diff\u00e9rence radicale entre les \u00e9co-lieux qui fleurissent un peu partout en france<a href=\"https:\/\/zadducarnet.org\/index.php\/2021\/09\/04\/quand-nddl-se-prend-pour-le-petit-pere-des-luttes-entre-recuperation-et-autoritarisme\/#notes-de-bas-de-page\">\u00b9\u00b3<\/a> et ceux qui se trouvent effectivement sur l\u2019ancienne Zad ? On peut en douter. Pour les lieux ayant particip\u00e9 au programme des rencontres intergalactiques, il n\u2019y a donc plus aucun autre int\u00e9r\u00eat que financier \u00e0 mimer le militantisme, parce que leur logique est toujours tourn\u00e9e vers leur propre sauvegarde personnelle, dans leur propre connerie, la tombe qu\u2019iels ont creus\u00e9 elleux m\u00eames en collaborant avec les institutions.<\/p>\n\n\n\n<h3 class=\"wp-block-heading\"><a><\/a><strong>2.4. <\/strong><strong>Nous pr\u00e9f\u00e9rons lutter sur la dur\u00e9e et le terrain<\/strong><\/h3>\n\n\n\n<p>Au niveau de nos luttes, nous n&rsquo;avons peut-\u00eatre pas l&rsquo;efficacit\u00e9 de la comm des autoritaires-appelistes de NDDL, mais nous pr\u00e9f\u00e9rons nous concentrer sur la dur\u00e9e en cr\u00e9ant du lien entre les diff\u00e9rentes luttes de mani\u00e8re horizontale. Ce n&rsquo;est pas pour autant que nous rejettons en bloc des initiatives lanc\u00e9es par l&rsquo;ex-Zad de NDDL tel qu&rsquo;agir contre la r\u00e9intoxication du monde et les soul\u00e8vements de la terre. Nous pr\u00e9f\u00e9rons simplement lutter d&rsquo;une mani\u00e8re diff\u00e9rente, non-centralis\u00e9e, en r\u00e9seau, horizontalement et sur des \u00e9v\u00e8nements moins orient\u00e9s sur de la communication spectaculaire.<\/p>\n\n\n\n<p>Cela nous permet \u00e9galement d&rsquo;\u00e9viter un dogme strat\u00e9gique et autoritaire tel que port\u00e9 par l&rsquo;ex-Zad de NDDL et auquel nous avons \u00e9t\u00e9 confront\u00e9\u00b7es plusieurs fois notamment au Carnet mais aussi lors des expulsions de 2018 sur l&rsquo;ex-Zad : \u00ab\u00a0nous savons comment lutter, nous savons ce qui est bon pour la lutte, alors \u00e9coutez-nous et laissez-nous faire, nous avons gagn\u00e9 \u00e0 NDDL donc nous savons comment faire\u00a0\u00bb (sic!).<\/p>\n\n\n\n<p>Les victoires contre le Surf Park de Saint P\u00e8re en Retz et contre le port de Br\u00e9tignolles, ainsi que l&rsquo;arr\u00eat temporaire du projet du Carnet vont justement \u00e0 l&rsquo;inverse du dogme port\u00e9 par les appelos de NDDL c&rsquo;est-\u00e0-dire la composition avec les structures l\u00e9galistes et citoyennistes ainsi qu\u2019une comm liss\u00e9e de sa radicalit\u00e9 pour ne pas d\u00e9plaire aux habitant\u00b7es et des \u00e9v\u00e8nements hyper-organis\u00e9s de mani\u00e8re centralis\u00e9e.<\/p>\n\n\n\n<p>Sur ces trois zones, la lutte a, au contraire, \u00e9t\u00e9 organique, parfois bordeline, mais n&rsquo;a jamais perdu de sa radicalit\u00e9 et de son pouvoir de rapport de force en parvenant en peu de temps \u00e0 mettre en \u00e9chec les projets sans pour autant composer avec des structures plus citoyennistes. Ces luttes ne collent pas au sch\u00e9ma de lutte pr\u00e9-con\u00e7u des appelistes de NDDL qui nous ont pourtant pr\u00e9venu qu&rsquo;il fallait composer pour gagner&#8230;<\/p>\n\n\n\n<p>Nous pr\u00e9f\u00e9rons prendre le risque de la radicalit\u00e9 et cela peut payer (nous n&rsquo;affirmons pas cependant que cela peut marcher dans toute lutte locale, nous n&rsquo;avons pas non plus la pr\u00e9tention d&rsquo;avoir la recette cl\u00e9 des luttes comme les appelistes).<\/p>\n\n\n\n<h3 class=\"wp-block-heading\"><a><\/a>2.5. L&rsquo;\u00e9mergence de la Confluence des luttes de l&rsquo;Ouest, comme exp\u00e9rimentation d&rsquo;une mise en lien horizontale<\/h3>\n\n\n\n<p>En automne 2019, l&rsquo;id\u00e9e d&rsquo;une \u00ab\u00a0confluence des luttes de l&rsquo;ouest\u00a0\u00bb a \u00e9t\u00e9 lanc\u00e9e suite au constat que :<\/p>\n\n\n\n<p>\u2013 les luttes \u00e9taient souvent isol\u00e9es entre elles,<\/p>\n\n\n\n<p>\u2013 les luttes locales \u00e9taient souvent pr\u00e9sentes en campagne et manquaient de monde pour pouvoir y lutter de mani\u00e8re radicale,<\/p>\n\n\n\n<p>\u2013 les habitant\u00b7es locaux\u00b7ales luttant contre les projets prennent la solution de facilit\u00e9 et la plus connue quand elles se confrontent au faible nombre de personnes engag\u00e9es radicalement. Iels choisissent souvent la voie l\u00e9gale qui n\u2019est pas forcement la plus payante et qui est r\u00e9ductrice au niveau des enjeux de ces projets,<\/p>\n\n\n\n<p>\u2013 les enjeux des projets sont souvent r\u00e9duits \u00e0 des enjeux locaux alors qu&rsquo;ils nous concernent toustes de par leurs impacts cumul\u00e9s (pillage de l&rsquo;eau, des terres, pollution, extractivisme, destruction du vivant,&#8230;) et de la volont\u00e9 capitaliste et \u00e9tatique de contr\u00f4le\/exploitation des territoires qui est derri\u00e8re.<\/p>\n\n\n\n<p><em><strong>Se mettre en lien pour se soutenir et se renforcer mutuellement<\/strong><\/em><\/p>\n\n\n\n<p>Face \u00e0 cela, nous avons donc d\u00e9cid\u00e9 de lancer l&rsquo;initiative de relier nos luttes entre elles de mani\u00e8re horizontale pour engager \u00e9galement un rapport de force plus cons\u00e9quent envers la machine \u00e9tatique et capitaliste.<\/p>\n\n\n\n<p>Un premier rendez-vous est donn\u00e9 \u00e0 la maison du peuple de Nantes en D\u00e9cembre 2019 auquel r\u00e9pondront plusieurs copaines participant \u00e0 des luttes dans l&rsquo;ouest. L&rsquo;id\u00e9e est ensuite de tourner r\u00e9guli\u00e8rement dans diff\u00e9rentes luttes de l&rsquo;ouest en organisant \u00e0 l&rsquo;occasion des discussions entre nous, des chantiers pour renforcer la lutte sur laquelle nous sommes. L&rsquo;id\u00e9e est \u00e9galement d&rsquo;organiser des \u00e9v\u00e8nements communs pour visibiliser les luttes locales souvent peu connues dans les milieux militants urbains et aupr\u00e8s des citadin\u00b7es. Est ainsi organis\u00e9e une manifestation de confluence des luttes de l&rsquo;Ouest en F\u00e9vrier 2020 \u00e0 Nantes \u00e0 laquelle participeront plusieurs luttes de l&rsquo;ouest et 1500 personnes environ apr\u00e8s plusieurs rencontres (maison du peuple de Nantes, Zad de la dune, \u00e0 Rennes et au jardin des ronces \u00e0 Nantes).<\/p>\n\n\n\n<p>Cependant, suite au 1er confinement et \u00e0 la lutte du Carnet qui demandera beaucoup d&rsquo;\u00e9nergie et mobilisera nombre des copaines engag\u00e9\u00b7es dans l'\u00a0\u00bborga\u00a0\u00bb de cette confluence horizontale, la confluence des luttes s\u2019essouffle. Mais nous n&rsquo;avons pas abandonn\u00e9 cette \u00ab\u00a0dynamique\u00a0\u00bb horizontale de confluence des luttes que nous esp\u00e9rons voir s\u2019essaimer un peu partout. Et peut-\u00eatre qu&rsquo;elle s&rsquo;\u00e9teindra finalement pour rena\u00eetre sous une autre forme avec d&rsquo;autres luttes, et d&rsquo;autres personnes, et tant mieux !<\/p>\n\n\n\n<p>Nous privil\u00e9gions des solidarit\u00e9s organiques entre les luttes \u00e0 base de coups de main, de relais de communication, de renforts en cas de coups durs &#8230; moins m\u00e9diatis\u00e9s mais p\u00e9rennes dans la dur\u00e9e. Bien s\u00fbr certaines luttes vont davantage b\u00e9n\u00e9ficier de solidarit\u00e9s qu&rsquo;y contribuer mais nous ne tenons pas de comptabilit\u00e9, et ces solidarit\u00e9s sont autant de participations aux luttes. \u00c0 leur tour, les luttes qui ont b\u00e9n\u00e9fici\u00e9 de solidarit\u00e9s en aideront d&rsquo;autres lorsque leur situation le permettra.<\/p>\n\n\n\n<p><em><strong>Nous souhaitons relier les luttes entre elles et non les organiser<\/strong><\/em><\/p>\n\n\n\n<p>La confluence n&rsquo;a pas la visibilit\u00e9 ni la force de frappe des soul\u00e8vements de la Terre ou de la r\u00e9intoxication du monde, ni le soutien massif de collectifs citadins citoyennistes ou environnementalistes, avec lesquels nous sommes parfois en lien, lorsqu&rsquo;iels partagent des valeurs communes et le respect de la diversit\u00e9 des tactiques. Les personnes qui la composent ne sont pas des sp\u00e9cialistes de la coordination des luttes ou de la strat\u00e9gie, iels sont bien occup\u00e9\u00b7es par les luttes dans lesquelles iels sont investi\u00b7es, la r\u00e9pression ou les questions autour de l&rsquo;organisation de la vie collective et du collectif. Toutes ces occupations sont prenantes et nous avons parfois peu de temps et d&rsquo;\u00e9nergie \u00e0 y consacrer.<\/p>\n\n\n\n<p>La Confluence se voit davantage comme un outil qui relie les luttes plus qu&rsquo;elle ne les organise, elle propose un espace de rencontres, plus ou moins r\u00e9gulier o\u00f9 se m\u00ealent discussions, r\u00e9flexions autour de nos luttes avec des individu\u00b7es impliqu\u00e9\u00b7es dans diff\u00e9rentes luttes contre les projets inutiles mais aussi l&rsquo;anti-capitalisme, le f\u00e9minisme, l&rsquo;anti-racisme &#8230; Cet espace vise \u00e0 partager nos exp\u00e9riences individuelles et collectives et \u00e0 faire \u00e9merger des projets collectifs de mutualisation ou d&rsquo;entraide, mais il n&rsquo;a aucunement la pr\u00e9tention de porter l&rsquo;organisation hors des luttes. Il ne s\u2019agit pas d\u2019un collectif de collectifs visant \u00e0 adopter une strat\u00e9gie globale de lutte. Chacun\u00b7e conserve son autonomie et la Confluence n&rsquo;a pas vocation \u00e0 s&rsquo;occuper de la mani\u00e8re dont les gens s&rsquo;organisent, mais uniquement de faciliter l&rsquo;entraide entre les luttes telles qu&rsquo;elles sont!<\/p>\n\n\n\n<p>Nous souhaitons construire une dynamique sur le long terme o\u00f9 le moyen compte davantage que le r\u00e9sultat et sans objectifs de r\u00e9sultats chiffr\u00e9s.<\/p>\n\n\n\n<h2 class=\"wp-block-heading\"><a><\/a>Conclusion : Nos luttes ne sont pas des mod\u00e8les ou des id\u00e9aux parfaits et ne souhaitent pas le devenir<\/h2>\n\n\n\n<p>Si nous avons \u00e9crit collectivement ce texte pour d\u00e9noncer et rendre visible les tentatives de r\u00e9cup\u00e9ration par des \u00e9colieux de NDDL depuis la fin de la Zad, si on a insist\u00e9 sur leur autoritarisme, la violence interne gr\u00e2ce \u00e0 laquelle les groupes appelos-autoritaires (ou tout simplement celleux qui adh\u00e9raient \u00e0 la strat\u00e9gie de normalisation des lieux pour sauver leurs culs) ont r\u00e9ussi \u00e0 noyauter avec force mensonges et coups bas le futur de la Zone apr\u00e8s projet, on doit rappeler que nous sommes clairement critiquables sur plusieurs points.<\/p>\n\n\n\n<p>Ce \u00ab nous \u00bb rappelons-le, c\u2019est la coagulation de zadistes, de militant\u00b7es, de locaux\u00b7ales habitant \u00e0 proximit\u00e9 des projets de merde impos\u00e9s dans l\u2019ouest de la france et ailleurs, et de gens, autour de projets collectifs de mise en lien entre les luttes.<\/p>\n\n\n\n<p>Il semble imp\u00e9ratif de rester modestes et d\u2019\u00eatre vigilant\u00b7es sur les d\u00e9rives autoritaires, qui apparaissent dans tout groupe qui s\u2019organise pour acc\u00e9l\u00e9rer la chute du vieux monde, d\u00e9rives aussi pr\u00e9sentes sur nos lieux de luttes et dans nos modes d\u2019organisation. En partant du constat que nous sommes de simples personnes qui r\u00e9sistons \u00e0 la folie d\u2019un capitalisme d\u2019o\u00f9 nous sommes toustes n\u00e9\u00b7es, on peut ais\u00e9ment se faire \u00e0 l\u2019id\u00e9e que nos exp\u00e9rimentations sont tr\u00e8s loin d\u2019\u00eatre parfaites.<\/p>\n\n\n\n<p>On rappelle que les luttes et les zones de luttes ne sont pas une utopie mais des constructions collectives tr\u00e8s concr\u00e8tes, qu\u2019il n\u2019existe pas de mod\u00e8le parfait exempt de conflits, que nous ne voulons pas tomber dans le concours \u00e0 la puret\u00e9 militante ni cacher les conflits pour donner une bonne image de la lutte comme on invente une marque d\u00e9pos\u00e9e, que le conflit est important et b\u00e9n\u00e9fique parce que, lorsqu\u2019il est coh\u00e9rent, il nous fait avancer.<\/p>\n\n\n\n<p>On doit donc aussi rappeler que, comme dans le vieux monde d\u2019o\u00f9 nous venons toustes, \u00e0 un niveau inter-relationnel nos luttes souffrent encore de violences sexistes, de violences racistes, sp\u00e9cistes, validistes, LGBTIQ+ophobes (cis-sexisme) etc. Le rappeler c\u2019est essentiel, parce que nous sommes dans la r\u00e9alit\u00e9&nbsp;; le r\u00eave des militant\u00b7es ultra-radicaux\u00b7ales, d\u00e9construit\u00b7es, parfait\u00b7es \u00e9voluant dans des espaces 100 % \u00ab\u00a0safe\u00a0\u00bb n\u2019existe pas.<\/p>\n\n\n\n<p>En revanche, on peut travailler ensemble, collectivement \u00e0 s\u2019en approcher. En veillant \u00e0 garder en permanence une ligne \u00e9thique, anti-autoritaire, contre l&rsquo;individualisme lib\u00e9ral, contre le patriarcat sous toutes ses formes, contre le classisme militant, contre toutes formes de domination venant du vieux monde, qu\u2019elles s\u2019appliquent entre nous ou envers les autres esp\u00e8ces, bref, une ligne \u00e9thique anti-capitaliste (anti-patriarcapitaliste).<\/p>\n\n\n\n<p>Ce que nous esp\u00e9rons surtout \u00e0 travers ce texte, c&rsquo;est de montrer qu&rsquo;il est important de rester critiques et vigilant\u00b7es sur nos mouvements, de d\u00e9noncer des pratiques qui s&rsquo;immiscent discr\u00e8tement dans nos luttes, et desquelles nous ne sommes jamais \u00e0 l&rsquo;abri : des pratiques qui peuvent nuire aux luttes et aux personnes. Il est \u00e9galement temps d&rsquo;abandonner le mythe NDDL et d&rsquo;exp\u00e9rimenter d&rsquo;autres mani\u00e8res de lutter et de faire solidarit\u00e9 ensemble, avec si possible une \u00e9thique de lutte : horizontale, d\u00e9centralis\u00e9e, non-autoritaire, non-spectaculaire.<\/p>\n\n\n\n<p>La Zad de NDDL est morte, vid\u00e9e de toute sa radicalit\u00e9, autoritaire et opportuniste, mais continue malgr\u00e9 tout de capter toute l&rsquo;attention et l&rsquo;imaginaire militant. Or il existe d\u00e8s aujourd&rsquo;hui et maintenant nombre de luttes qui ont besoin de vous et qui n&rsquo;ont pas besoin du soutien de NDDL pour exister, alors on compte sur vous !<\/p>\n\n\n\n<p>Contre les autoritaires de NDDL qui se servent des l\u00e9galistes et des associations pour asseoir leur petit pouvoir et d\u00e9finir (par une violence interne incroyable) la mani\u00e8re dont les luttes \u00e9cologistes et anticapitalistes devraient se mener, contre leur bureaucratie et leur monde, ON N&rsquo;OUBLIE PAS, ON PARDONNE PAS!<\/p>\n\n\n\n<p>LA ZAD (vous) VAINCRA&nbsp;!<\/p>\n\n\n\n<figure class=\"wp-block-image size-full\"><img loading=\"lazy\" decoding=\"async\" width=\"498\" height=\"367\" src=\"https:\/\/zadducarnet.org\/wp-content\/uploads\/2021\/09\/f2az.cleaned.jpg\" alt=\"\" class=\"wp-image-2665\" srcset=\"https:\/\/zadducarnet.org\/wp-content\/uploads\/2021\/09\/f2az.cleaned.jpg 498w, https:\/\/zadducarnet.org\/wp-content\/uploads\/2021\/09\/f2az.cleaned-300x221.jpg 300w\" sizes=\"auto, (max-width: 498px) 100vw, 498px\" \/><\/figure>\n\n\n\n<h2 class=\"wp-block-heading\"><a><\/a> Signataires<\/h2>\n\n\n\n<ul class=\"wp-block-list\"><li><em>Des zadien\u00b7nes en lutte contre le projet de Surf Park de Saint P\u00e8re en Retz,<\/em><\/li><li><em>Des zadien\u00b7nes en lutte contre le projet de Port de Br\u00e9tignolles sur mer et ayant v\u00e9cu sur la ZAD de la Dune,<\/em><\/li><li><em>Des zadien\u00b7nes en lutte contre le projet de zone industrielle du Carnet et ayant habit\u00e9 sur la ZAD du Carnet.<\/em><\/li><\/ul>\n\n\n\n<h2 class=\"wp-block-heading\"><a><\/a>Co-signataires<\/h2>\n\n\n\n<ul class=\"wp-block-list\"><li><em>Des zadien\u00b7nes en lutte contre le projet de Center Parks \u00e0 Roybon et ayant v\u00e9cu sur la Zad de Roybon,<\/em><\/li><li><em>Des zadien\u00b7nes en lutte contre le projet de Liaison Intercantonnale d&rsquo;Evitement Nord de Montpellier (L.I.E.N.) et vivant sur la Zad du Lien,<\/em><\/li><li><em>Des zadien\u00b7nes en lutte contre le projet de Grand Contournement Ouest de Strasbourg (GCO) et ayant v\u00e9cu sur la Zad du Moulin.<\/em><\/li><\/ul>\n\n\n\n<h2 class=\"wp-block-heading\"><strong>Petite biblio choisie<\/strong><\/h2>\n\n\n\n<ul class=\"wp-block-list\"><li><em><a href=\"https:\/\/archive.org\/details\/Cicatrice_Reflexions_a_propos_de_la_zad\">Cicatrice: r\u00e9flexion \u00e0 propos de la ZAD<\/a>. <\/em>Ce site Internet recense de nombreuses ressources li\u00e9es \u00e0 la construction d\u2019une histoire alternative de la Zad de Notre-Dame-Des-Landes loin de la communication du CMDO. On notera notamment la lecture audio de la brochure traduite du site Crimethink <em>R\u00e9flexions \u00e0 propos de la Zad. Un regard en arri\u00e8re un an apr\u00e8s les expulsions.<\/em><\/li><li><em><a href=\"https:\/\/zad.nadir.org\/spip.php?article1798\">A propos du m\u00e9pris de classe<\/a><\/em>, 2013. Un texte de 2013 qui peut expliquer une des origines des conflits qui ont explos\u00e9s lors des expulsions de 2018. <\/li><li><em><a href=\"https:\/\/attaque.noblogs.org\/post\/2021\/07\/30\/notre-dame-des-landes-loire-atlantique-les-tritons-cretes-brulent-lecole-des-tritons\/\">Les tritons cr\u00eat\u00e9s br\u00fblent l\u2019\u00e9cole des tritons<\/a><\/em>. Texte de revendication du sabotage de l\u2019\u00e9cole des tritons, un projet qui a \u00e9t\u00e9 annonc\u00e9 par le CMDO en janvier 2021. <\/li><li><em><a href=\"https:\/\/fr.squat.net\/2021\/04\/06\/notre-dame-des-landes-colonies-de-vacances-bidouillerie-et-bizness-alternatif\/\">Notre-Dame-des-Landes: colonies de vacances, bidouillerie et bizness alternatif.<\/a><\/em> Texte d\u00e9noncant le business marketing de l\u2019\u00e9cole des tritons et les actions contre le squat du Rosier <\/li><li><em><a href=\"https:\/\/zad.nadir.org\/spip.php?article6586\">Un an apr\u00e8s les expulsions, qu\u2019est ce qu\u2019on fait encore sur la ZAD?<\/a><\/em> Ce texte pr\u00e9sente le point de vue de quelques habitant\u00b7es de la Zad sur les dynamiques ayant lieu \u00e0 la Zad un an apr\u00e8s les expulsions. On appr\u00e9cie peu le ton tr\u00e8s \u00ab&nbsp;neutre&nbsp;\u00bb du texte. <\/li><li><em><a href=\"https:\/\/douze.noblogs.org\/files\/2019\/09\/entretien_dunlap_fr.pdf\">\u00c9conomie verte et contre-insurrection<\/a>. <\/em>Ce texte explique comment l\u2019\u00e9tat mexicain essaie d\u2019imposer la propri\u00e9t\u00e9 individuelle dans une logique de limitation des usages communaux et de contre-insurrection. <\/li><li><a href=\"https:\/\/carbureblog.com\/2016\/11\/20\/limpasse-citoyenniste\/\"><em>L\u2019impasse citoyenniste <\/em>(2001)<\/a>. Texte de 2001 pr\u00e9venant des dangers du citoyennismes qui peut servir de ressources pour comprendre l\u2019impasse dans laquelle se sont mises les strat\u00e9gies l\u00e9galistes sur la Zad. <\/li><li><em>Zadissidences 1, 2 et 3<\/em> (janvier-juin 2018) Ces trois brochures compilent des voix off de la zad, \u00e0 retrouver sur Infokiosques.net.<\/li><li><em><a href=\"https:\/\/infokiosques.net\/lire.php?id_article=1707\">Le milieu est pav\u00e9 de bonnes intentions<\/a><\/em> (octobre 2019). Cette brochure parle des m\u00e9canismes de normalisation qui se sont jou\u00e9s sur la zad de NDDL lors de la fin de la lutte contre l\u2019a\u00e9roport. <\/li><\/ul>\n\n\n\n<p>Pour plus d\u2019infos vous pouvez nous \u00e9crire \u00e0 l\u2019adresse mail suivante&nbsp;: <a href=\"mailto:laissebeton@riseup.net\">laissebeton[at]riseup.net<\/a><\/p>\n\n\n\n<figure class=\"wp-block-image size-large\"><img loading=\"lazy\" decoding=\"async\" width=\"1024\" height=\"666\" src=\"https:\/\/zadducarnet.org\/wp-content\/uploads\/2021\/09\/Reseau-1024x666.jpg\" alt=\"\" class=\"wp-image-2674\" srcset=\"https:\/\/zadducarnet.org\/wp-content\/uploads\/2021\/09\/Reseau-1024x666.jpg 1024w, https:\/\/zadducarnet.org\/wp-content\/uploads\/2021\/09\/Reseau-300x195.jpg 300w, https:\/\/zadducarnet.org\/wp-content\/uploads\/2021\/09\/Reseau-768x499.jpg 768w, https:\/\/zadducarnet.org\/wp-content\/uploads\/2021\/09\/Reseau.jpg 1200w\" sizes=\"auto, (max-width: 1024px) 100vw, 1024px\" \/><figcaption><br><em>Repr\u00e9sentation d&rsquo;une organisation d\u00e9centralis\u00e9e<\/em><\/figcaption><\/figure>\n\n\n\n<p><em>Description des images sur l&rsquo;image de la pieuvre (de haut en bas et de gauche \u00e0 droite)<\/em> : livre l\u2019insurrection qui vient, logo de l\u2019association NDDL Poursuivre Ensemble, logo des soul\u00e8vements de la Terre, billets de banque, pr\u00e9f\u00e8te Nicole Klein buvant du jus de pomme sur la Zad pour f\u00eater la lib\u00e9ration de la D281, dessin sur la Zad de NDDL d\u2019Alessandro Pignocchi, logo anarchiste, logo de la Zad de la Dune, visuel contre l\u2019implantation d\u2019Amazon \u00e0 Montbert, logo de Extinction Rebellion, logo de la Zad du Carnet, logo des Jardins \u00c0 D\u00e9fendre d\u2019Aubervilliers.<\/p>\n\n\n\n<h2 class=\"wp-block-heading\">Notes de bas de page<\/h2>\n\n\n\n<p><a href=\"https:\/\/zadducarnet.org\/index.php\/2021\/09\/04\/quand-nddl-se-prend-pour-le-petit-pere-des-luttes-entre-recuperation-et-autoritarisme\/#12-les-contacts-trs-tendus-entre-la-zad-du-carnet-et-lex-zad-de-nddl\">\u00b9<\/a> Voir le texte <em><a href=\"https:\/\/infokiosques.net\/spip.php?article1598\">Quand Lama fach\u00e9, lama cracher !<\/a><\/em><\/p>\n\n\n\n<p><a href=\"https:\/\/zadducarnet.org\/index.php\/2021\/09\/04\/quand-nddl-se-prend-pour-le-petit-pere-des-luttes-entre-recuperation-et-autoritarisme\/#12-les-contacts-trs-tendus-entre-la-zad-du-carnet-et-lex-zad-de-nddl\">\u00b2<\/a> Voir le texte <em><a href=\"https:\/\/infokiosques.net\/spip.php?article1598\">Prise de position de la l\u00e9gal team sur les actions de milice \u00e0 la ZAD<\/a><\/em><\/p>\n\n\n\n<p><a href=\"https:\/\/zadducarnet.org\/index.php\/2021\/09\/04\/quand-nddl-se-prend-pour-le-petit-pere-des-luttes-entre-recuperation-et-autoritarisme\/#12-les-contacts-trs-tendus-entre-la-zad-du-carnet-et-lex-zad-de-nddl\">\u00b3<\/a> <em><a href=\"https:\/\/infokiosques.net\/spip.php?article1734\">R\u00e9flexions \u00e0 propos de la Zad : une au<\/a>tre histoire<\/em> <\/p>\n\n\n\n<p><a href=\"https:\/\/zadducarnet.org\/index.php\/2021\/09\/04\/quand-nddl-se-prend-pour-le-petit-pere-des-luttes-entre-recuperation-et-autoritarisme\/#12-les-contacts-trs-tendus-entre-la-zad-du-carnet-et-lex-zad-de-nddl\">\u2074<\/a> Voir les textes <em><a href=\"https:\/\/bourrasque-info.org\/spip.php?article1666\">Les attaques contre les habitant.e.s du Rosier continuent<\/a>,<\/em> <em><a href=\"https:\/\/fr.squat.net\/2020\/08\/28\/notre-dame-des-landes-le-squat-du-rosier-colonise-detruit-et-rase\/\">le squat du Rosier colonis\u00e9, d\u00e9truit et ras\u00e9<\/a><\/em><\/p>\n\n\n\n<p><a href=\"https:\/\/zadducarnet.org\/index.php\/2021\/09\/04\/quand-nddl-se-prend-pour-le-petit-pere-des-luttes-entre-recuperation-et-autoritarisme\/#12-les-contacts-trs-tendus-entre-la-zad-du-carnet-et-lex-zad-de-nddl\">\u2075<\/a> Voir la brochure <em><a href=\"https:\/\/zadducarnet.org\/index.php\/2021\/01\/27\/arguments-projet-industriel-du-carnet\/#22-les-compensation-une-mascarade\">Arguments contre le projet industriel du Carnet<\/a> <\/em>et le texte <a href=\"https:\/\/zadducarnet.org\/index.php\/2020\/12\/15\/au-carnet-nous-nous-mobilisons-aussi-contre-le-mensonge-de-la-transition-ecologique\/\"><em>Au Carnet nous nous mobilisons aussi contre le mensonge de la transition \u00e9cologique<\/em> <\/a><\/p>\n\n\n\n<p><a href=\"https:\/\/zadducarnet.org\/?p=2664&amp;preview=true&amp;_thumbnail_id=2674#13-la-dernire-provocation-en-date-le-dbat-sur-les-luttes-territoriales-lors-du-rassemblement-intergalactique\">\u2076<\/a> Voir le<a href=\"https:\/\/zad.nadir.org\/spip.php?article6836\"> programme du rassemblement intergalactique 2021<\/a><\/p>\n\n\n\n<p><a href=\"https:\/\/zadducarnet.org\/index.php\/2021\/09\/04\/quand-nddl-se-prend-pour-le-petit-pere-des-luttes-entre-recuperation-et-autoritarisme\/#21-la-zad-communique-pour-appuyer-le-rapport-de-force-dans-son-processus-de-lgalisation\">\u2077<\/a> Pour aller plus loin sur l&rsquo;histoire moins reluisante de la Zad de NDDL que voudrait bien cacher les autoritaires : <a href=\"https:\/\/archive.org\/details\/Cicatrice_Reflexions_a_propos_de_la_zad\">https:\/\/archive.org\/details\/Cicatrice_Reflexions_a_propos_de_la_zad<\/a><\/p>\n\n\n\n<p><a href=\"https:\/\/zadducarnet.org\/index.php\/2021\/09\/04\/quand-nddl-se-prend-pour-le-petit-pere-des-luttes-entre-recuperation-et-autoritarisme\/#21-la-zad-communique-pour-appuyer-le-rapport-de-force-dans-son-processus-de-lgalisation\">\u2078 <\/a>Cf le c\u00e9l\u00e8bre passage t\u00e9l\u00e9visuel du th\u00e9 pris entre la pr\u00e9f\u00e8te Nicole Klein et certain\u00b7es \u00ab\u00a0pontes\u00a0\u00bb de la ZAD\u2026<\/p>\n\n\n\n<p><a href=\"https:\/\/zadducarnet.org\/index.php\/2021\/09\/04\/quand-nddl-se-prend-pour-le-petit-pere-des-luttes-entre-recuperation-et-autoritarisme\/#22-la-zad-communique-pour-financer-ses-co-lieux-lgalistes-au-dtriment-dautres-luttes\">\u2079<\/a> <a href=\"https:\/\/encommun.eco\/faq\">https:\/\/encommun.eco\/faq<\/a><\/p>\n\n\n\n<p><a href=\"https:\/\/zadducarnet.org\/index.php\/2021\/09\/04\/quand-nddl-se-prend-pour-le-petit-pere-des-luttes-entre-recuperation-et-autoritarisme\/#22-la-zad-communique-pour-financer-ses-co-lieux-lgalistes-au-dtriment-dautres-luttes\">\u00b9\u2070<\/a> Cette vieille comptine bourgeoise selon laquelle l\u2019enrichissement priv\u00e9 profiterait au d\u00e9veloppement de tous.<\/p>\n\n\n\n<p><a href=\"https:\/\/zadducarnet.org\/index.php\/2021\/09\/04\/quand-nddl-se-prend-pour-le-petit-pere-des-luttes-entre-recuperation-et-autoritarisme\/#22-la-zad-communique-pour-financer-ses-co-lieux-lgalistes-au-dtriment-dautres-luttes\">\u00b9\u00b9<\/a> Voir <a href=\"http:\/\/www.labidouillerie.fr\/sejours\/echappee-verte\">la description de ces colonies sur le site de la bidouillerie <\/a><\/p>\n\n\n\n<p><a href=\"https:\/\/zadducarnet.org\/index.php\/2021\/09\/04\/quand-nddl-se-prend-pour-le-petit-pere-des-luttes-entre-recuperation-et-autoritarisme\/#22-la-zad-communique-pour-financer-ses-co-lieux-lgalistes-au-dtriment-dautres-luttes\">\u00b9\u00b2<\/a> <em>La Soci\u00e9t\u00e9 du Spectacle<\/em> de Guy Debord (qu\u2019on a compris comme on peut) est un bouquin qui parle en gros de l\u2019\u00e9volution du capitalisme. On a \u00e9volu\u00e9 d&rsquo;un capitalisme de la transformation du monde mat\u00e9riel en objets marchands, \u00e0 un capitalisme de la transformation de la r\u00e9alit\u00e9 v\u00e9cue en valeur marchande par le biais d\u2019images rendues monnayables. Dans la soci\u00e9t\u00e9 lib\u00e9rale du capitalisme, tout est monnayable, aussi bien les produits venant d\u2019elle que les contestations qui sont r\u00e9cup\u00e9r\u00e9es. L\u2019appellisme puise ses influences dans le mouvement situationniste dont Debord est une r\u00e9f\u00e9rence. Et dire que les appellistes de NDDL se vautrent pr\u00e9cis\u00e9ment dans ce que Debord d\u00e9non\u00e7ait\u2026!<\/p>\n\n\n\n<p><a href=\"https:\/\/zadducarnet.org\/index.php\/2021\/09\/04\/quand-nddl-se-prend-pour-le-petit-pere-des-luttes-entre-recuperation-et-autoritarisme\/#22-la-zad-communique-pour-financer-ses-co-lieux-lgalistes-au-dtriment-dautres-luttes\">\u00b9\u00b3<\/a> C\u2019est en un sens r\u00e9jouissant que des \u00e9co-lieux fleurissent si ceux-ci n\u2019ont pas l\u2019historique de compromission et de casseurs de lutte de ceux qui se sont implant\u00e9s \u00e0 NDDL et qu\u2019ils sont dans une d\u00e9marche collectiviste.<\/p>\n","protected":false},"excerpt":{"rendered":"<p>Ce texte est une r\u00e9ponse collective de la part de personnes ayant lutt\u00e9 \u00e0 la Zad du Carnet, \u00e0 la Zad de la dune et contre le Surf Park de Saint-P\u00e8re-en-Retz suite \u00e0 des tentatives de r\u00e9cup\u00e9ration politiques de la part d&rsquo;habitant.es de la Zad de NDDL. Nous avons souhait\u00e9 \u00e9claircir en quoi les pratiques &hellip; <a href=\"https:\/\/zadducarnet.org\/index.php\/2021\/09\/04\/quand-nddl-se-prend-pour-le-petit-pere-des-luttes-entre-recuperation-et-autoritarisme\/\" class=\"more-link\">Continuer la lecture de <span class=\"screen-reader-text\">Quand NDDL se prend pour le petit p\u00e8re des luttes &#8211; Entre r\u00e9cup\u00e9ration et autoritarisme<\/span> <span class=\"meta-nav\">&rarr;<\/span><\/a><\/p>\n","protected":false},"author":11,"featured_media":2674,"comment_status":"open","ping_status":"open","sticky":false,"template":"","format":"standard","meta":{"_uag_custom_page_level_css":"","footnotes":""},"categories":[45,40,1],"tags":[],"class_list":["post-2664","post","type-post","status-publish","format-standard","has-post-thumbnail","hentry","category-analyses","category-luttes-amies-2","category-nouvelles"],"uagb_featured_image_src":{"full":["https:\/\/zadducarnet.org\/wp-content\/uploads\/2021\/09\/Reseau.jpg",1200,780,false],"thumbnail":["https:\/\/zadducarnet.org\/wp-content\/uploads\/2021\/09\/Reseau-150x150.jpg",150,150,true],"medium":["https:\/\/zadducarnet.org\/wp-content\/uploads\/2021\/09\/Reseau-300x195.jpg",300,195,true],"medium_large":["https:\/\/zadducarnet.org\/wp-content\/uploads\/2021\/09\/Reseau-768x499.jpg",604,392,true],"large":["https:\/\/zadducarnet.org\/wp-content\/uploads\/2021\/09\/Reseau-1024x666.jpg",604,393,true],"1536x1536":["https:\/\/zadducarnet.org\/wp-content\/uploads\/2021\/09\/Reseau.jpg",1200,780,false],"2048x2048":["https:\/\/zadducarnet.org\/wp-content\/uploads\/2021\/09\/Reseau.jpg",1200,780,false],"post-thumbnail":["https:\/\/zadducarnet.org\/wp-content\/uploads\/2021\/09\/Reseau-604x270.jpg",604,270,true]},"uagb_author_info":{"display_name":"ZAD du Carnet","author_link":"https:\/\/zadducarnet.org\/index.php\/author\/carnet\/"},"uagb_comment_info":1,"uagb_excerpt":"Ce texte est une r\u00e9ponse collective de la part de personnes ayant lutt\u00e9 \u00e0 la Zad du Carnet, \u00e0 la Zad de la dune et contre le Surf Park de Saint-P\u00e8re-en-Retz suite \u00e0 des tentatives de r\u00e9cup\u00e9ration politiques de la part d&rsquo;habitant.es de la Zad de NDDL. Nous avons souhait\u00e9 \u00e9claircir en quoi les pratiques\u2026","_links":{"self":[{"href":"https:\/\/zadducarnet.org\/index.php\/wp-json\/wp\/v2\/posts\/2664","targetHints":{"allow":["GET"]}}],"collection":[{"href":"https:\/\/zadducarnet.org\/index.php\/wp-json\/wp\/v2\/posts"}],"about":[{"href":"https:\/\/zadducarnet.org\/index.php\/wp-json\/wp\/v2\/types\/post"}],"author":[{"embeddable":true,"href":"https:\/\/zadducarnet.org\/index.php\/wp-json\/wp\/v2\/users\/11"}],"replies":[{"embeddable":true,"href":"https:\/\/zadducarnet.org\/index.php\/wp-json\/wp\/v2\/comments?post=2664"}],"version-history":[{"count":15,"href":"https:\/\/zadducarnet.org\/index.php\/wp-json\/wp\/v2\/posts\/2664\/revisions"}],"predecessor-version":[{"id":2695,"href":"https:\/\/zadducarnet.org\/index.php\/wp-json\/wp\/v2\/posts\/2664\/revisions\/2695"}],"wp:featuredmedia":[{"embeddable":true,"href":"https:\/\/zadducarnet.org\/index.php\/wp-json\/wp\/v2\/media\/2674"}],"wp:attachment":[{"href":"https:\/\/zadducarnet.org\/index.php\/wp-json\/wp\/v2\/media?parent=2664"}],"wp:term":[{"taxonomy":"category","embeddable":true,"href":"https:\/\/zadducarnet.org\/index.php\/wp-json\/wp\/v2\/categories?post=2664"},{"taxonomy":"post_tag","embeddable":true,"href":"https:\/\/zadducarnet.org\/index.php\/wp-json\/wp\/v2\/tags?post=2664"}],"curies":[{"name":"wp","href":"https:\/\/api.w.org\/{rel}","templated":true}]}}