{"id":2490,"date":"2021-06-17T20:02:39","date_gmt":"2021-06-17T18:02:39","guid":{"rendered":"https:\/\/zadducarnet.org\/?p=2490"},"modified":"2021-06-17T20:02:40","modified_gmt":"2021-06-17T18:02:40","slug":"nouvelles-dailleurs-la-zad-du-lien-est-occupee-depuis-le-6-juin","status":"publish","type":"post","link":"https:\/\/zadducarnet.org\/index.php\/2021\/06\/17\/nouvelles-dailleurs-la-zad-du-lien-est-occupee-depuis-le-6-juin\/","title":{"rendered":"Nouvelles d&rsquo;ailleurs : la Zad du Lien est occup\u00e9e depuis le 6 juin"},"content":{"rendered":"\n<p>Pr\u00e8s de Montpellier, le dimanche 6 juin soir, des militant.e.s se sont install\u00e9.e.s sur le trac\u00e9 du L.I.EN : l&rsquo;occupation s&rsquo;est lanc\u00e9e,<strong> une Zad s&rsquo;est ouverte !<\/strong><\/p>\n\n\n\n<p>Gros besoins de monde en soutien, de matos et de v\u00e9hicules, venez filer la main et rencontrer les gens !<\/p>\n\n\n\n<ul class=\"wp-block-list\"><li><strong>L&rsquo;appel \u00e0 occupation <\/strong>=&gt; <a href=\"https:\/\/www.facebook.com\/ZAD-du-LIEN-103515591966581\" target=\"_blank\" rel=\"noreferrer noopener\">ICI<\/a><\/li><li><strong>Pour les contacter<\/strong> :&nbsp; <a href=\"mailto:zaddulien@riseup.net\">zaddulien@riseup.net<\/a><\/li><\/ul>\n\n\n\n<p>Et pour \u00e9viter toute confusion, on vous annonce d\u00e8s \u00e0 pr\u00e9sent que nous allons adopter le nom de <strong><u>Gare aux Garrigues<\/u><\/strong> et qu&rsquo;une nouvelle adresse mail sera lanc\u00e9e tr\u00e8s prochainement. <\/p>\n\n\n\n<p>Les derni\u00e8res nouvelles de la Zad du lien : <\/p>\n\n\n\n<h2 class=\"wp-block-heading\"><strong>SOIR\u00c9E DE SOUTIEN &#8211; samedi 19 d\u00e8s 19h Chez Oit<\/strong><\/h2>\n\n\n\n<p>Une premi\u00e8re soir\u00e9e de soutien \u00e0 la ZAD-tout-juste-d\u00e9clar\u00e9e. <strong>Ambiance guiguette festi-engag\u00e9e<\/strong> => viens avec tes copain.es boire des coups, rencontrer de nouvelles t\u00eates, te mettre \u00e0 jour sur les actus <strong>et apporter&#8230; ton soutien <\/strong>\ud83d\ude42 iels en ont besoin !<\/p>\n\n\n\n<p><strong>19h : Chorale queer de Montpellier<\/strong><br><strong>20h : Concert des Saxifrages<\/strong><br><em>(duo po\u00e9tique, ambiance slam tradi-punk &#8211; le fameux groupe du week-end f\u00e9ministe)<\/em><br><strong>22h : DJ.e surprise<\/strong><\/p>\n\n\n\n<p>Pour aider les copaines install\u00e9.e.s, <strong>n&rsquo;hesite pas \u00e0 venir charg\u00e9.e.s de victuailles !<\/strong><br>Besoin globalement de tout, mais surtout dans les prochains jours:<\/p>\n\n\n\n<ul class=\"wp-block-list\"><li>de quoi bricoler : palettes, mat\u00e9riaux en tout genre, outils, visserie<\/li><li>de quoi se prot\u00e9ger du chaud : foulard, v\u00eatements, chapeau, lunette de soleil<\/li><li>de quoi dormir bien : tente, moustiquaire, duvet, matelas de sol<\/li><li>de quoi vivre bien : bidon d&rsquo;eau, casseroles, cafeti\u00e8res,<\/li><li>de quoi manger l&rsquo;\u00e9t\u00e9 : conserves, l\u00e9gumes, th\u00e9, caf\u00e9, sucre, charcuterie et friandise (tout ce qui se conserve)<\/li><li>et &#8230;. des \u20ac\u20ac\u20ac pour l&rsquo;antirep ! Et un g\u00e9n\u00e9rateur \u00e9lectrique !<\/li><\/ul>\n\n\n\n<p><strong>AP\u00c9RO-D\u00c9BAT- vendredi 18 \u00e0 18h au Ch\u00e2teau de Grabels<\/strong><br><strong>\u00ab\u00a0Les villages p\u00e9riph\u00e9riques, condamn\u00e9s \u00e0 \u00eatre des cit\u00e9s dortoirs des m\u00e9tropoles ?\u00a0\u00bb<\/strong><\/p>\n\n\n\n<p>Autour d&rsquo;un verre de l&rsquo;amiti\u00e9 musical, suivi de la conf\u00e9rence sur le ph\u00e9nom\u00e8ne de m\u00e9tropolisation et plus pr\u00e9cis\u00e9ment sur les enjeux et cons\u00e9quences du L.I.E.N rd68 et son r\u00f4le dans l&rsquo;extension de Montpellier. Organis\u00e9 par le <strong>SOS Oulala<\/strong> et <strong>Grabels en Transition<\/strong> et avec la pr\u00e9sence de :<\/p>\n\n\n\n<p><strong>Guillaume Faburel<\/strong>, Professeur d&rsquo;\u00e9tudes urbaines \u00e0 l&rsquo;universit\u00e9 Lumi\u00e8re Lyon 2,\u00a0 auteur des M\u00e9tropoles Barbares (2019) et Pour en finir avec les grandes villes (2020)<\/p>\n\n\n\n<p>Pour suivre l&rsquo;actualit\u00e9 de la Zad du LIEN, abonnez vous \u00e0 leur newsletter (zaddulien [at]lists.riseup.net) et vous pouvez \u00e9galement les suivre sur facebook (en attendant qu&rsquo;ils aient un site web&#8230;), ou consulter le site d&rsquo;infos locales pr\u00e8s de Montpellier<a href=\"https:\/\/lepressoir-info.org\/\"> lepressoir-info.org\/<\/a> du r\u00e9seau Mutu.<\/p>\n","protected":false},"excerpt":{"rendered":"<p>Pr\u00e8s de Montpellier, le dimanche 6 juin soir, des militant.e.s se sont install\u00e9.e.s sur le trac\u00e9 du L.I.EN : l&rsquo;occupation s&rsquo;est lanc\u00e9e, une Zad s&rsquo;est ouverte ! Gros besoins de monde en soutien, de matos et de v\u00e9hicules, venez filer la main et rencontrer les gens ! L&rsquo;appel \u00e0 occupation =&gt; ICI Pour les contacter &hellip; <a href=\"https:\/\/zadducarnet.org\/index.php\/2021\/06\/17\/nouvelles-dailleurs-la-zad-du-lien-est-occupee-depuis-le-6-juin\/\" class=\"more-link\">Continuer la lecture de <span class=\"screen-reader-text\">Nouvelles d&rsquo;ailleurs : la Zad du Lien est occup\u00e9e depuis le 6 juin<\/span> <span class=\"meta-nav\">&rarr;<\/span><\/a><\/p>\n","protected":false},"author":11,"featured_media":2491,"comment_status":"open","ping_status":"open","sticky":false,"template":"","format":"standard","meta":{"_uag_custom_page_level_css":"","footnotes":""},"categories":[1],"tags":[],"class_list":["post-2490","post","type-post","status-publish","format-standard","has-post-thumbnail","hentry","category-nouvelles"],"uagb_featured_image_src":{"full":["https:\/\/zadducarnet.org\/wp-content\/uploads\/2021\/06\/zdl-5705e.jpg",250,239,false],"thumbnail":["https:\/\/zadducarnet.org\/wp-content\/uploads\/2021\/06\/zdl-5705e-150x150.jpg",150,150,true],"medium":["https:\/\/zadducarnet.org\/wp-content\/uploads\/2021\/06\/zdl-5705e.jpg",250,239,false],"medium_large":["https:\/\/zadducarnet.org\/wp-content\/uploads\/2021\/06\/zdl-5705e.jpg",250,239,false],"large":["https:\/\/zadducarnet.org\/wp-content\/uploads\/2021\/06\/zdl-5705e.jpg",250,239,false],"1536x1536":["https:\/\/zadducarnet.org\/wp-content\/uploads\/2021\/06\/zdl-5705e.jpg",250,239,false],"2048x2048":["https:\/\/zadducarnet.org\/wp-content\/uploads\/2021\/06\/zdl-5705e.jpg",250,239,false],"post-thumbnail":["https:\/\/zadducarnet.org\/wp-content\/uploads\/2021\/06\/zdl-5705e.jpg",250,239,false]},"uagb_author_info":{"display_name":"ZAD du Carnet","author_link":"https:\/\/zadducarnet.org\/index.php\/author\/carnet\/"},"uagb_comment_info":0,"uagb_excerpt":"Pr\u00e8s de Montpellier, le dimanche 6 juin soir, des militant.e.s se sont install\u00e9.e.s sur le trac\u00e9 du L.I.EN : l&rsquo;occupation s&rsquo;est lanc\u00e9e, une Zad s&rsquo;est ouverte ! Gros besoins de monde en soutien, de matos et de v\u00e9hicules, venez filer la main et rencontrer les gens ! L&rsquo;appel \u00e0 occupation =&gt; ICI Pour les contacter\u2026","_links":{"self":[{"href":"https:\/\/zadducarnet.org\/index.php\/wp-json\/wp\/v2\/posts\/2490","targetHints":{"allow":["GET"]}}],"collection":[{"href":"https:\/\/zadducarnet.org\/index.php\/wp-json\/wp\/v2\/posts"}],"about":[{"href":"https:\/\/zadducarnet.org\/index.php\/wp-json\/wp\/v2\/types\/post"}],"author":[{"embeddable":true,"href":"https:\/\/zadducarnet.org\/index.php\/wp-json\/wp\/v2\/users\/11"}],"replies":[{"embeddable":true,"href":"https:\/\/zadducarnet.org\/index.php\/wp-json\/wp\/v2\/comments?post=2490"}],"version-history":[{"count":1,"href":"https:\/\/zadducarnet.org\/index.php\/wp-json\/wp\/v2\/posts\/2490\/revisions"}],"predecessor-version":[{"id":2492,"href":"https:\/\/zadducarnet.org\/index.php\/wp-json\/wp\/v2\/posts\/2490\/revisions\/2492"}],"wp:featuredmedia":[{"embeddable":true,"href":"https:\/\/zadducarnet.org\/index.php\/wp-json\/wp\/v2\/media\/2491"}],"wp:attachment":[{"href":"https:\/\/zadducarnet.org\/index.php\/wp-json\/wp\/v2\/media?parent=2490"}],"wp:term":[{"taxonomy":"category","embeddable":true,"href":"https:\/\/zadducarnet.org\/index.php\/wp-json\/wp\/v2\/categories?post=2490"},{"taxonomy":"post_tag","embeddable":true,"href":"https:\/\/zadducarnet.org\/index.php\/wp-json\/wp\/v2\/tags?post=2490"}],"curies":[{"name":"wp","href":"https:\/\/api.w.org\/{rel}","templated":true}]}}