{"id":2126,"date":"2021-03-01T22:31:03","date_gmt":"2021-03-01T21:31:03","guid":{"rendered":"https:\/\/zadducarnet.org\/?p=2126"},"modified":"2021-03-09T18:33:20","modified_gmt":"2021-03-09T17:33:20","slug":"creons-des-collectifs-de-soutien-a-la-zad-du-carnet-partout","status":"publish","type":"post","link":"https:\/\/zadducarnet.org\/index.php\/2021\/03\/01\/creons-des-collectifs-de-soutien-a-la-zad-du-carnet-partout\/","title":{"rendered":"Cr\u00e9ons des collectifs de soutien \u00e0 la ZAD du Carnet partout !"},"content":{"rendered":"\n<p class=\"has-medium-font-size\"><strong>Le Carnet k\u00e9zako ?<\/strong><\/p>\n\n\n\n<p>Depuis le 31 Ao\u00fbt 2020 la ZAD du Carnet s\u2019est implant\u00e9e sur l\u2019estuaire de la Loire pour d\u00e9fendre une zone naturelle menac\u00e9e de b\u00e9tonnisation. Le Grand Port de Saint Nazaire pr\u00e9voit l\u2019industrialisation d\u2019une centaine d\u2019hectares d\u00e9bordants de biodiversit\u00e9, 116 esp\u00e8ces prot\u00e9g\u00e9es y trouvent refuge. Les travaux auraient d\u00fb commencer d\u00e9but septembre, ils ont \u00e9t\u00e9 stopp\u00e9 par l\u2019implantation de la ZAD. D\u00e9sormais les travaux sont report\u00e9s d\u2019un an. La lutte porte ses fruits. Malheureusement les \u00e9lus locaux ne voient pas les choses de la m\u00eame mani\u00e8re, apr\u00e8s avoir fait pression sur la pr\u00e9fecture ils ont obtenu gain de cause&nbsp;: la ZAD est maintenant expulsable. Une fois les cabanes d\u00e9truites, le syst\u00e8me capitaliste reprendra imm\u00e9diatement son cours mortif\u00e8re ici au Carnet&nbsp;: les premiers travaux de destruction des habitats naturels pouvant \u00eatre men\u00e9s d\u00e8s aujourd\u2019hui. Face \u00e0 \u00e7a les habitant\u00b7es du Carnet ne peuvent rester seul\u00b7es.<\/p>\n\n\n\n<p class=\"has-medium-font-size\"><strong>C\u2019est quoi un collectif de soutien&nbsp;?<\/strong><\/p>\n\n\n\n<p>Des personnes loin ou pas loin, de nulle part et de partout, d\u00e9j\u00e0 r\u00e9unis en collectif pour d\u2019autres causes ou non, qui ont envie d\u2019apporter leur soutien \u00e0 la Zad du Carnet. Un collectif c\u2019est aussi des ami\u00b7es qui se rassemblent, de nouvelles organisations peuvent fleurir&nbsp;!<\/p>\n\n\n\n<p class=\"has-medium-font-size\"><strong>Pourquoi un collectif de soutien&nbsp;?<\/strong><\/p>\n\n\n\n<p>Parce que c\u2019est super encourageant, parce que \u00e7a procure de la joie, renforce le courage des habitant\u00b7es, fait grandir notre puissance collective. Parce qu\u2019une lutte locale a besoin de contacts ext\u00e9rieurs pour ne pas se renfermer sur elle-m\u00eame&nbsp;: le collectif de soutien \u00e9largit notre mobilisation et sa visibilit\u00e9.<\/p>\n\n\n\n<p>Face au traitement m\u00e9diatique dominant qui nous instrumentalise, utilisons nos interd\u00e9pendances, nos liens afin de cr\u00e9er des chemins de traverses pour diffuser une information que l\u2019on vit.<\/p>\n\n\n\n<p>En cas d\u2019expulsion les collectifs pourront organiser des actions partout l\u00e0 o\u00f9 ils sont pour disperser les forces de la r\u00e9pression, apr\u00e8s expulsion ils pourront continuer \u00e0 faire vivre la lutte sous diverses formes. En dehors de ces temps les collectifs peuvent faire de multiples choses et prendre part \u00e0 la vie de la ZAD (voir liste ci-dessous).<\/p>\n\n\n\n<p>En ces temps de gestion autoritaire de la crise sanitaire restons d\u00e9ter, il y a toujours des choses \u00e0 inventer collectivement&nbsp;! Une fois rassembl\u00e9-es en collectif n\u2019h\u00e9sitez pas \u00e0 nous faire signe pour se mettre en lien et en contact avec les autres collectifs.<\/p>\n\n\n\n<p class=\"has-medium-font-size\"><strong>Comment nous soutenir&nbsp;? Liste non exhaustive d\u2019id\u00e9es&nbsp;:<\/strong><\/p>\n\n\n\n<div class=\"wp-block-columns is-layout-flex wp-container-core-columns-is-layout-9d6595d7 wp-block-columns-is-layout-flex\">\n<div class=\"wp-block-column is-layout-flow wp-block-column-is-layout-flow\">\n<p><strong>INFORMATION<\/strong><\/p>\n\n\n\n<p>s\u2019informer c\u2019est d\u00e9j\u00e0 r\u00e9sister<\/p>\n\n\n\n<p>relayer les informations, diffuser, c\u2019est participer \u00e0 la culture de r\u00e9sistance<\/p>\n\n\n\n<p><strong>VISIBILISER<\/strong><\/p>\n\n\n\n<p>faire des banderoles<\/p>\n\n\n\n<p>coller des affiches<\/p>\n\n\n\n<p>en parler autour de toi<\/p>\n\n\n\n<p>distribuer des tracts<\/p>\n<\/div>\n\n\n\n<div class=\"wp-block-column is-layout-flow wp-block-column-is-layout-flow\">\n<p><strong>ORGANISER<\/strong><\/p>\n\n\n\n<p>des manifestions ou diverses \u00e9v\u00e9nements<\/p>\n\n\n\n<p>des covoiturages<\/p>\n\n\n\n<p>des soir\u00e9es de soutien<\/p>\n\n\n\n<p><strong>LIENS<\/strong><\/p>\n\n\n\n<p>envoyer des lettres d\u2019amour, dessins, recettes de cuisine, tracts divers&#8230; \u00e0 notre adresse&nbsp;:<br>La Zad du Carnet<br>Lieu-dit La guitoune 44320 Frossay<br>site internet&nbsp;: <a href=\"https:\/\/zadducarnet.org\/\">zadducarnet.org<\/a><br>adresse mail&nbsp;: zadducarnet@riseup.net<\/p>\n<\/div>\n<\/div>\n\n\n\n<p>Vous pouvez trouver des tracts sur la page <a href=\"https:\/\/zadducarnet.org\/index.php\/boite-a-outils\/\">bo\u00eete \u00e0 outils de notre site<\/a>. La brochure <a href=\"https:\/\/zadducarnet.org\/index.php\/2021\/01\/27\/arguments-projet-industriel-du-carnet\/\">Arguments contre le projet industriel du Carnet<\/a> est tr\u00e8s compl\u00e8te.<\/p>\n\n\n\n<p class=\"has-medium-font-size\"><strong>VENIR NOUS RENCONTRER<\/strong><\/p>\n\n\n\n<p>Le 6 et 7 mars est organis\u00e9 un<a href=\"https:\/\/zadducarnet.org\/index.php\/my-calendar\/?mc_id=10\"> week-end anti-carc\u00e9ral<\/a> \u00e0 la ZAD du Carnet&nbsp;! Durant ce week-end une manifestation de soutien \u00e0 la ZAD aura lieu&nbsp;: <a href=\"https:\/\/zadducarnet.org\/index.php\/2021\/02\/25\/carnazad-a-paimboeuf\/\" data-type=\"post\" data-id=\"2053\">le Carnazad<\/a>&nbsp;! Venez d\u00e9guis\u00e9\u00b7es, color\u00e9\u00b7es, et rempli\u00b7es d\u2019\u00e9nergie&nbsp;! (RDV au jardin \u00e9toil\u00e9 \u00e0 14h, Paimboeuf) Nous pourrons profiter de l\u2019occasion pour discuter de potentiel cr\u00e9ation de collectifs de soutien.<\/p>\n\n\n\n<p><\/p>\n","protected":false},"excerpt":{"rendered":"<p>Le Carnet k\u00e9zako ? Depuis le 31 Ao\u00fbt 2020 la ZAD du Carnet s\u2019est implant\u00e9e sur l\u2019estuaire de la Loire pour d\u00e9fendre une zone naturelle menac\u00e9e de b\u00e9tonnisation. Le Grand Port de Saint Nazaire pr\u00e9voit l\u2019industrialisation d\u2019une centaine d\u2019hectares d\u00e9bordants de biodiversit\u00e9, 116 esp\u00e8ces prot\u00e9g\u00e9es y trouvent refuge. Les travaux auraient d\u00fb commencer d\u00e9but septembre, &hellip; <a href=\"https:\/\/zadducarnet.org\/index.php\/2021\/03\/01\/creons-des-collectifs-de-soutien-a-la-zad-du-carnet-partout\/\" class=\"more-link\">Continuer la lecture de <span class=\"screen-reader-text\">Cr\u00e9ons des collectifs de soutien \u00e0 la ZAD du Carnet partout !<\/span> <span class=\"meta-nav\">&rarr;<\/span><\/a><\/p>\n","protected":false},"author":1,"featured_media":2134,"comment_status":"open","ping_status":"open","sticky":false,"template":"","format":"standard","meta":{"_uag_custom_page_level_css":"","footnotes":""},"categories":[1],"tags":[],"class_list":["post-2126","post","type-post","status-publish","format-standard","has-post-thumbnail","hentry","category-nouvelles"],"uagb_featured_image_src":{"full":["https:\/\/zadducarnet.org\/wp-content\/uploads\/2021\/03\/IMG_0665-scaled.jpeg",2560,1706,false],"thumbnail":["https:\/\/zadducarnet.org\/wp-content\/uploads\/2021\/03\/IMG_0665-150x150.jpeg",150,150,true],"medium":["https:\/\/zadducarnet.org\/wp-content\/uploads\/2021\/03\/IMG_0665-300x200.jpeg",300,200,true],"medium_large":["https:\/\/zadducarnet.org\/wp-content\/uploads\/2021\/03\/IMG_0665-768x512.jpeg",604,403,true],"large":["https:\/\/zadducarnet.org\/wp-content\/uploads\/2021\/03\/IMG_0665-1024x683.jpeg",604,403,true],"1536x1536":["https:\/\/zadducarnet.org\/wp-content\/uploads\/2021\/03\/IMG_0665-1536x1024.jpeg",1536,1024,true],"2048x2048":["https:\/\/zadducarnet.org\/wp-content\/uploads\/2021\/03\/IMG_0665-2048x1365.jpeg",2048,1365,true],"post-thumbnail":["https:\/\/zadducarnet.org\/wp-content\/uploads\/2021\/03\/IMG_0665-604x270.jpeg",604,270,true]},"uagb_author_info":{"display_name":"zadducarnet","author_link":"https:\/\/zadducarnet.org\/index.php\/author\/admin8203\/"},"uagb_comment_info":13,"uagb_excerpt":"Le Carnet k\u00e9zako ? Depuis le 31 Ao\u00fbt 2020 la ZAD du Carnet s\u2019est implant\u00e9e sur l\u2019estuaire de la Loire pour d\u00e9fendre une zone naturelle menac\u00e9e de b\u00e9tonnisation. Le Grand Port de Saint Nazaire pr\u00e9voit l\u2019industrialisation d\u2019une centaine d\u2019hectares d\u00e9bordants de biodiversit\u00e9, 116 esp\u00e8ces prot\u00e9g\u00e9es y trouvent refuge. Les travaux auraient d\u00fb commencer d\u00e9but septembre,\u2026","_links":{"self":[{"href":"https:\/\/zadducarnet.org\/index.php\/wp-json\/wp\/v2\/posts\/2126","targetHints":{"allow":["GET"]}}],"collection":[{"href":"https:\/\/zadducarnet.org\/index.php\/wp-json\/wp\/v2\/posts"}],"about":[{"href":"https:\/\/zadducarnet.org\/index.php\/wp-json\/wp\/v2\/types\/post"}],"author":[{"embeddable":true,"href":"https:\/\/zadducarnet.org\/index.php\/wp-json\/wp\/v2\/users\/1"}],"replies":[{"embeddable":true,"href":"https:\/\/zadducarnet.org\/index.php\/wp-json\/wp\/v2\/comments?post=2126"}],"version-history":[{"count":7,"href":"https:\/\/zadducarnet.org\/index.php\/wp-json\/wp\/v2\/posts\/2126\/revisions"}],"predecessor-version":[{"id":2151,"href":"https:\/\/zadducarnet.org\/index.php\/wp-json\/wp\/v2\/posts\/2126\/revisions\/2151"}],"wp:featuredmedia":[{"embeddable":true,"href":"https:\/\/zadducarnet.org\/index.php\/wp-json\/wp\/v2\/media\/2134"}],"wp:attachment":[{"href":"https:\/\/zadducarnet.org\/index.php\/wp-json\/wp\/v2\/media?parent=2126"}],"wp:term":[{"taxonomy":"category","embeddable":true,"href":"https:\/\/zadducarnet.org\/index.php\/wp-json\/wp\/v2\/categories?post=2126"},{"taxonomy":"post_tag","embeddable":true,"href":"https:\/\/zadducarnet.org\/index.php\/wp-json\/wp\/v2\/tags?post=2126"}],"curies":[{"name":"wp","href":"https:\/\/api.w.org\/{rel}","templated":true}]}}