{"id":1880,"date":"2021-02-16T18:03:02","date_gmt":"2021-02-16T17:03:02","guid":{"rendered":"https:\/\/zadducarnet.org\/?p=1880"},"modified":"2021-03-24T13:41:08","modified_gmt":"2021-03-24T12:41:08","slug":"fil-info-de-la-situation-sur-la-zad-du-carnet-depuis-le-4-fevrier","status":"publish","type":"post","link":"https:\/\/zadducarnet.org\/index.php\/2021\/02\/16\/fil-info-de-la-situation-sur-la-zad-du-carnet-depuis-le-4-fevrier\/","title":{"rendered":"Fil info de la situation sur la Zad du Carnet depuis le 4 f\u00e9vrier"},"content":{"rendered":"\n<p>Nous vous invitons \u00e9galement \u00e0 consulter <a href=\"https:\/\/zadducarnet.org\/index.php\/boite-a-outils\/revue-de-presse\/\">la revue de presse sur notre site Internet<\/a> qui recense les nombreux articles de presse parlant d&rsquo;une expulsion prochaine de la Zad du Carnet.<\/p>\n\n\n\n<p>La menace d&rsquo;expulsion reste pr\u00e9sente mais la pression polici\u00e8re sur la zone est plus al\u00e9atoire, avec toujours quelques passages d&rsquo;h\u00e9licopt\u00e8res et pr\u00e9sence de gendarmes sur les routes environnants la zad. En cons\u00e9quent, notre flash infos devient plus \u00e9pisodique et aliment\u00e9 en fonction de l&rsquo;actualit\u00e9 li\u00e9e \u00e0 la r\u00e9pression ou \u00e0 l&rsquo;expulsion. Il redeviendra plus r\u00e9gulier si la menace le justifie.<\/p>\n\n\n\n<p><strong>23\/03\/2021<\/strong><\/p>\n\n\n\n<p><strong>12h<\/strong> : Les copain.e.s perch\u00e9.e.s de l\u2019\u00e9olienne sont toujours en haut courage \u00e0 elleux<br><strong>10h <\/strong>: Destruction des cabanes, expulsion presque termin\u00e9e, plusieurs personnes escort\u00e9es \u00e0 Paimboeuf 8h20 : les personnes non interpell\u00e9es se r\u00e9fugient dans les champs Routes autour de la ZAD bloqu\u00e9es et contr\u00f4l\u00e9es<br><strong>8h15<\/strong> : Lanc\u00e9 de lacrymos, charg\u00e9s et 1e interpellations<br><strong>8h<\/strong> : La d\u00e9b arque est tomb\u00e9e, replis g\u00e9n\u00e9ral des personnes sur place. Des gendarmes sont arriv\u00e9s \u00e0 l\u2019\u00e9olienne.<br><strong>6h30<\/strong> : Un gros dispositif est en place : Plusieurs blind\u00e9s, les alentours de la ZAD sont remplis de fourgons sur toute la D117 jusqu\u2019\u00e0 la D723, des zodiacs sur la Loire aux abords de la D\u00e9barque, h\u00e9licopt\u00e8re en stationnaire. La Guitoune et la Saule sont en feu.<\/p>\n\n\n\n<p><strong>17 mars<\/strong> La menace d\u2019expulsion reste pr\u00e9sente mais la pression polici\u00e8re sur la zone est plus al\u00e9atoire, avec toujours quelques passages d\u2019h\u00e9licopt\u00e8res et pr\u00e9sence de gendarmes sur les routes environnants la zad. En cons\u00e9quent, notre flash infos devient plus \u00e9pisodique et aliment\u00e9 en fonction de l\u2019actualit\u00e9 li\u00e9e \u00e0 la r\u00e9pression ou \u00e0 l\u2019expulsion. Il redeviendra plus r\u00e9gulier si la menace le justifie.<\/p>\n\n\n\n<p><strong>10 mars<\/strong>: les \u00e9lus locaux sont re\u00e7us par le pr\u00e9fet qui leur confirme sa volont\u00e9 d&rsquo;expulser la ZAD \u00ab\u00a0dans les prochains jours ou les prochaines semaines\u00a0\u00bb. Rien de nouveau mais nous restons vigilant\u00b7e\u00b7s<\/p>\n\n\n\n<p><strong>6-7 mars<\/strong>: Week-end de mobilisation au Carnet et forte pr\u00e9sence polici\u00e8re aux abords de la zone et de l&rsquo;h\u00e9licopt\u00e8re pour tenter d&#8217;emp\u00eacher, sans succ\u00e8s, la tenue du carna&rsquo;zad et du week-end anti-carc\u00e9ral!<\/p>\n\n\n\n<p><strong>26 &#8211; 27 &#8211; 28 f\u00e9vrier<\/strong> : Quelques v\u00e9hicules de gendarmerie \u00e0 proximit\u00e9 de la ZAD et survol par l&rsquo;h\u00e9licopt\u00e8re le dimanche.<\/p>\n\n\n\n<p><strong>25 f\u00e9vrier : <\/strong>Pr\u00e9sence ponctuelle de v\u00e9hicules de gendarmerie autour de la zone. Les maires du coin sont all\u00e9s manifester devant la pr\u00e9fecture qui n&rsquo;a pas souhait\u00e9 les recevoir. <a href=\"https:\/\/zadducarnet.org\/index.php\/2021\/02\/25\/carnazad-a-paimboeuf\/\">Le Carna&rsquo;ZAD <\/a>du 6 mars s&rsquo;organise sur zone!<\/p>\n\n\n\n<p><strong>24 f\u00e9vrier<\/strong> : Pas de survol de l&rsquo;h\u00e9licopt\u00e8re, mais pr\u00e9sence ponctuelle de v\u00e9hicules de gendarmerie autour de la zone. Le pr\u00e9fet s&rsquo;est prononc\u00e9 pour la premi\u00e8re fois sur l&rsquo;\u00e9vacuation de la ZAD, sans plus de pr\u00e9cisions sur le d\u00e9lai dans lequel elle interviendra, nous restons vigilant\u00b7e\u00b7s.<\/p>\n\n\n\n<p><strong>23 f\u00e9vrier<\/strong> 15h00 : Retour du survol de l&rsquo;h\u00e9licopt\u00e8re pendant une quinzaine de minutes (et d&rsquo;un couple de cigognes) &#8211; passage d&rsquo;une voiture de gendarmes banalis\u00e9e.<\/p>\n\n\n\n<p><strong>22 f\u00e9vrier : <\/strong>Quelques contr\u00f4les d&rsquo;identit\u00e9 et pr\u00e9sence ponctuelle de gendarmes autour de la zone et \u00e0 Paimboeuf (toujours au niveau du rond-point de Super U), pas de survol par l&rsquo;h\u00e9licopt\u00e8re. On reste vigilant, mais la vie reprend son cours sur zone.<\/p>\n\n\n\n<p><strong>20 &#8211; 21 f\u00e9vrier<\/strong> : Pas de survol par l&rsquo;h\u00e9licopt\u00e8re ce week-end. Pr\u00e9sence ponctuelle d&rsquo;une voiture de gendarmes au bout de la route D177 et quelques autres se posent quelques dizaines de minutes aux abords de la ZAD avec quelques contr\u00f4les d&rsquo;identit\u00e9 (notamment au niveau du rond-point de Super U).<\/p>\n\n\n\n<p><strong>19 f\u00e9vrier<\/strong><br>11h30 : Survol de la Zad par l&rsquo;h\u00e9licopt\u00e8re de la gendarmerie pendant une vingtaine de minutes.<\/p>\n\n\n\n<p><strong>18 f\u00e9vrier <\/strong><br>10h : r\u00e9veil calme \u00e0 la Zad du Carnet<br>11h : Survol de la Zad par l&rsquo;h\u00e9licopt\u00e8re de la gendarmerie pendant une quinzaine de minutes.<\/p>\n\n\n\n<p><strong>17 f\u00e9vrier <\/strong>: Des rumeurs ont circul\u00e9 ce soir sur Twitter comme quoi il y aurait des gendarmes dans les h\u00f4tels proches de la Zad du Carnet. Nous avons eu confirmation que ces rumeurs \u00e9taient fausses. Il n&rsquo;y a pas donc pas de raisons d&rsquo;augmenter actuellement le niveau d&rsquo;alerte expulsion de la Zad du Carnet.<br>Il y a eu une altercation avec un automobiliste agressif et provocateur devant la Zad du Carnet.<\/p>\n\n\n\n<p><strong>16 f\u00e9vrier<\/strong> : A 16h00, un huissier accompagn\u00e9 de 40 gendarmes mobiles est venu d\u00e9poser une ordonnance d&rsquo;expulsion de la route d\u00e9partementale et la lire \u00e0 haute voix \u00e0 l&rsquo;entr\u00e9e principale de la Zad. Apr\u00e8s 20 minutes, les gendarmes et l&rsquo;huissier sont repartis. <br>Pour comprendre les histoires d&rsquo;ordonnances d&rsquo;expulsion multiples, <a href=\"https:\/\/zadducarnet.org\/index.php\/2021\/02\/16\/situation-juridique-de-la-zad-pour-faire-le-point-legal-lie-aux-expulsions\/\">vous pouvez lire cet article.<\/a> Globalement, depuis le 10 f\u00e9vrier les terrains appartenant au Grand Port Maritime de Nantes Saint-Nazaire sont expulsables et depuis aujourd\u2019hui 16 f\u00e9vrier l\u2019ensemble de la ZAD (terrains appartenant au Grand Port + D177) sont expulsables.<\/p>\n\n\n\n<p><strong>15 f\u00e9vrier<\/strong> : un h\u00e9licopt\u00e8re de la gendarmerie a survol\u00e9 longuement pour la premi\u00e8re fois depuis plus d&rsquo;une semaine la Zad du Carnet. De nombreux contr\u00f4les routiers sont d\u00e9ploy\u00e9s dans les environs de la Zad du Carnet.<\/p>\n\n\n\n<p><strong>11 f\u00e9vrier<\/strong> : lors d&rsquo;une visite \u00e0 Nantes, interrog\u00e9 par la d\u00e9put\u00e9e Val\u00e9rie Oppelt, Macron \u00ab\u00a0a demand\u00e9 la fermet\u00e9, c&rsquo;est \u00e0 dire une \u00e9vacuation\u00a0\u00bb.<\/p>\n\n\n\n<p><strong>10 f\u00e9vrier <\/strong>: un huissier de justice est venu aux deux points d\u2019acc\u00e8s de la zad pour lire une ordonnance du tribunal judiciaire de Saint Nazaire indiquant que nous sommes, d\u00e8s maintenant, expulsables des terrains appartenant ou g\u00e9r\u00e9s par le Grand Port (ordonnance dat\u00e9e du 5 f\u00e9vrier).<\/p>\n\n\n\n<p><strong>9 f\u00e9vrier <\/strong>: des informations nous parviennent nous indiquant que les risques d&rsquo;expulsion de la ZAD du Carnet sont importants<\/p>\n\n\n\n<p><strong>4 f\u00e9vrier<\/strong> : devant la juge des r\u00e9f\u00e9r\u00e9s du tribunal administratif de Nantes que les maires de Frossay et de Saint-Viaud ont demand\u00e9 \u00e0 l&rsquo;Etat d&rsquo;agir pour expluser la ZAD. <br>La juge des r\u00e9f\u00e9r\u00e9s du tribunal administratif de Nantes doit rendre son ordonnance sous 10 jours.<\/p>\n","protected":false},"excerpt":{"rendered":"<p>Nous vous invitons \u00e9galement \u00e0 consulter la revue de presse sur notre site Internet qui recense les nombreux articles de presse parlant d&rsquo;une expulsion prochaine de la Zad du Carnet. La menace d&rsquo;expulsion reste pr\u00e9sente mais la pression polici\u00e8re sur la zone est plus al\u00e9atoire, avec toujours quelques passages d&rsquo;h\u00e9licopt\u00e8res et pr\u00e9sence de gendarmes sur &hellip; <a href=\"https:\/\/zadducarnet.org\/index.php\/2021\/02\/16\/fil-info-de-la-situation-sur-la-zad-du-carnet-depuis-le-4-fevrier\/\" class=\"more-link\">Continuer la lecture de <span class=\"screen-reader-text\">Fil info de la situation sur la Zad du Carnet depuis le 4 f\u00e9vrier<\/span> <span class=\"meta-nav\">&rarr;<\/span><\/a><\/p>\n","protected":false},"author":5,"featured_media":1436,"comment_status":"open","ping_status":"open","sticky":false,"template":"","format":"standard","meta":{"_uag_custom_page_level_css":"","footnotes":""},"categories":[1],"tags":[],"class_list":["post-1880","post","type-post","status-publish","format-standard","has-post-thumbnail","hentry","category-nouvelles"],"uagb_featured_image_src":{"full":["https:\/\/zadducarnet.org\/wp-content\/uploads\/2021\/01\/logozad-1012x1024-1.png",1012,1024,false],"thumbnail":["https:\/\/zadducarnet.org\/wp-content\/uploads\/2021\/01\/logozad-1012x1024-1-150x150.png",150,150,true],"medium":["https:\/\/zadducarnet.org\/wp-content\/uploads\/2021\/01\/logozad-1012x1024-1-296x300.png",296,300,true],"medium_large":["https:\/\/zadducarnet.org\/wp-content\/uploads\/2021\/01\/logozad-1012x1024-1-768x777.png",604,611,true],"large":["https:\/\/zadducarnet.org\/wp-content\/uploads\/2021\/01\/logozad-1012x1024-1.png",604,611,false],"1536x1536":["https:\/\/zadducarnet.org\/wp-content\/uploads\/2021\/01\/logozad-1012x1024-1.png",1012,1024,false],"2048x2048":["https:\/\/zadducarnet.org\/wp-content\/uploads\/2021\/01\/logozad-1012x1024-1.png",1012,1024,false],"post-thumbnail":["https:\/\/zadducarnet.org\/wp-content\/uploads\/2021\/01\/logozad-1012x1024-1-604x270.png",604,270,true]},"uagb_author_info":{"display_name":"zad_du_carnet","author_link":"https:\/\/zadducarnet.org\/index.php\/author\/zad_du_carnet\/"},"uagb_comment_info":1,"uagb_excerpt":"Nous vous invitons \u00e9galement \u00e0 consulter la revue de presse sur notre site Internet qui recense les nombreux articles de presse parlant d&rsquo;une expulsion prochaine de la Zad du Carnet. La menace d&rsquo;expulsion reste pr\u00e9sente mais la pression polici\u00e8re sur la zone est plus al\u00e9atoire, avec toujours quelques passages d&rsquo;h\u00e9licopt\u00e8res et pr\u00e9sence de gendarmes sur\u2026","_links":{"self":[{"href":"https:\/\/zadducarnet.org\/index.php\/wp-json\/wp\/v2\/posts\/1880","targetHints":{"allow":["GET"]}}],"collection":[{"href":"https:\/\/zadducarnet.org\/index.php\/wp-json\/wp\/v2\/posts"}],"about":[{"href":"https:\/\/zadducarnet.org\/index.php\/wp-json\/wp\/v2\/types\/post"}],"author":[{"embeddable":true,"href":"https:\/\/zadducarnet.org\/index.php\/wp-json\/wp\/v2\/users\/5"}],"replies":[{"embeddable":true,"href":"https:\/\/zadducarnet.org\/index.php\/wp-json\/wp\/v2\/comments?post=1880"}],"version-history":[{"count":18,"href":"https:\/\/zadducarnet.org\/index.php\/wp-json\/wp\/v2\/posts\/1880\/revisions"}],"predecessor-version":[{"id":2315,"href":"https:\/\/zadducarnet.org\/index.php\/wp-json\/wp\/v2\/posts\/1880\/revisions\/2315"}],"wp:featuredmedia":[{"embeddable":true,"href":"https:\/\/zadducarnet.org\/index.php\/wp-json\/wp\/v2\/media\/1436"}],"wp:attachment":[{"href":"https:\/\/zadducarnet.org\/index.php\/wp-json\/wp\/v2\/media?parent=1880"}],"wp:term":[{"taxonomy":"category","embeddable":true,"href":"https:\/\/zadducarnet.org\/index.php\/wp-json\/wp\/v2\/categories?post=1880"},{"taxonomy":"post_tag","embeddable":true,"href":"https:\/\/zadducarnet.org\/index.php\/wp-json\/wp\/v2\/tags?post=1880"}],"curies":[{"name":"wp","href":"https:\/\/api.w.org\/{rel}","templated":true}]}}