{"id":1871,"date":"2021-02-16T19:45:21","date_gmt":"2021-02-16T18:45:21","guid":{"rendered":"https:\/\/zadducarnet.org\/?p=1871"},"modified":"2021-02-18T10:20:55","modified_gmt":"2021-02-18T09:20:55","slug":"situation-juridique-de-la-zad-pour-faire-le-point-legal-lie-aux-expulsions","status":"publish","type":"post","link":"https:\/\/zadducarnet.org\/index.php\/2021\/02\/16\/situation-juridique-de-la-zad-pour-faire-le-point-legal-lie-aux-expulsions\/","title":{"rendered":"Situation juridique de la ZAD (pour faire le point l\u00e9gal li\u00e9 aux expulsions)"},"content":{"rendered":"\n<p><em>mis \u00e0 jour le 18\/02\/21<\/em><\/p>\n\n\n\n<p>La ZAD du Carnet s\u2019est implant\u00e9e le 31 ao\u00fbt sur l\u2019ancienne \u00eele du Carnet. <br>Elle se trouve jurdiquement sur deux type de propri\u00e9t\u00e9s : <\/p>\n\n\n\n<ul class=\"wp-block-list\"><li>en rouge : les terrains qui appartiennent au Grand Port de Saint Nazaire et\/ou \u00e0 l\u2019\u00c9tat et g\u00e9r\u00e9es par le Grand Port de Nantes Saint-Nazaire <\/li><li>en jaune : la D177 appartenant au d\u00e9partement<\/li><\/ul>\n\n\n\n<figure class=\"wp-block-image size-large\"><img loading=\"lazy\" decoding=\"async\" width=\"1024\" height=\"578\" src=\"https:\/\/zadducarnet.org\/wp-content\/uploads\/2021\/02\/plan-de-la-zad-actualise-1024x578.png\" alt=\"\" class=\"wp-image-1978\" srcset=\"https:\/\/zadducarnet.org\/wp-content\/uploads\/2021\/02\/plan-de-la-zad-actualise-1024x578.png 1024w, https:\/\/zadducarnet.org\/wp-content\/uploads\/2021\/02\/plan-de-la-zad-actualise-300x169.png 300w, https:\/\/zadducarnet.org\/wp-content\/uploads\/2021\/02\/plan-de-la-zad-actualise-768x434.png 768w, https:\/\/zadducarnet.org\/wp-content\/uploads\/2021\/02\/plan-de-la-zad-actualise.png 1477w\" sizes=\"auto, (max-width: 1024px) 100vw, 1024px\" \/><figcaption>Carte sch\u00e9matique de la zone<\/figcaption><\/figure>\n\n\n\n<p>Trois affaires sont en cours actuellement pour demander l\u2019expulsion de la ZAD\u202f: <\/p>\n\n\n\n<ul class=\"wp-block-list\"><li><strong>la premi\u00e8re est une proc\u00e9dure lanc\u00e9e par les maires de Frossay et Saint-Viaud<\/strong> (les deux communes sur lesquelles est implant\u00e9e la ZAD) ainsi que par le g\u00e9rant de la soci\u00e9t\u00e9 les Portes de l\u2019Atlantique (le port \u00e0 sec qui se trouve juste \u00e0 c\u00f4t\u00e9 de la ZAD). Les maires ont demand\u00e9 au pr\u00e9fet d&rsquo;\u00e9vacuer la zone en septembre. Devant l&rsquo;absence de r\u00e9ponse de l\u2019\u00c9tat, ils ont lanc\u00e9 une proc\u00e9dure en r\u00e9f\u00e9r\u00e9 au tribunal administratif de Nantes pour demander \u00e0 l\u2019\u00c9tat d&rsquo;intervenir. L\u2019audience a eu lieu le 4 f\u00e9vrier 2021. Le rendu de l\u2019audience devait \u00eatre rendu sous 10 jours. Contact\u00e9e le 16 f\u00e9vrier pour avoir des nouvelles, la greffi\u00e8re du tribunal des r\u00e9f\u00e9r\u00e9s nous a indiqu\u00e9 que \u00ab\u202fpour des raisons personnelles, le magistrat s\u2019occupant de l&rsquo;affaire n\u2019est pas pr\u00e9sent actuellement et que le rendu ne sera pas donn\u00e9 avant la semaine prochaine\u202f\u00bb.<\/li><li><strong>la seconde proc\u00e9dure est celle lanc\u00e9e par le Grand Port de Saint-Nazaire.<\/strong> Il a demand\u00e9 un constat d\u2019huissier sur l\u2019occupation du site qui a \u00e9t\u00e9 faite le 23 janvier 2021.<br>Un huissier est venu aux deux entr\u00e9es de la zone le 10 f\u00e9vrier pour d\u00e9livrer une ordonnance du tribunal judiciaire de Saint-Nazaire qui ordonne l\u2019expulsion des occupants des parcelles appartenant ou g\u00e9r\u00e9es par le grand port (les parcelles de l\u2019\u00eele du Carnet)<\/li><li><strong>la troisi\u00e8me proc\u00e9dure est lanc\u00e9e par le d\u00e9partement pour l\u2019\u00e9vacuation de la route d\u00e9partementale. <\/strong>Le constat d\u2019huissier a \u00e9t\u00e9 fait le 10 f\u00e9vrier 2021. Aujourd\u2019hui, le 16 f\u00e9vrier 2021, un huissier est venu \u00e0 l\u2019entr\u00e9e principale de la ZAD accompagn\u00e9 d\u2019une quarantaine de gendarmes mobiles pour remettre l\u2019ordonnance d\u2019\u00e9vacuation de la route d\u00e9partementale D177.<\/li><\/ul>\n\n\n\n<p><strong>Pour conclure, depuis le 10 f\u00e9vrier les terrains appartenant au Grand Port Maritime de Nantes Saint-Nazaire sont expulsables et depuis aujourd\u2019hui 16 f\u00e9vrier l&rsquo;int\u00e9gralit\u00e9 de la zone est expulsable.<\/strong><\/p>\n\n\n\n<p><\/p>\n\n\n\n<p><\/p>\n","protected":false},"excerpt":{"rendered":"<p>mis \u00e0 jour le 18\/02\/21 La ZAD du Carnet s\u2019est implant\u00e9e le 31 ao\u00fbt sur l\u2019ancienne \u00eele du Carnet. Elle se trouve jurdiquement sur deux type de propri\u00e9t\u00e9s : en rouge : les terrains qui appartiennent au Grand Port de Saint Nazaire et\/ou \u00e0 l\u2019\u00c9tat et g\u00e9r\u00e9es par le Grand Port de Nantes Saint-Nazaire en &hellip; <a href=\"https:\/\/zadducarnet.org\/index.php\/2021\/02\/16\/situation-juridique-de-la-zad-pour-faire-le-point-legal-lie-aux-expulsions\/\" class=\"more-link\">Continuer la lecture de <span class=\"screen-reader-text\">Situation juridique de la ZAD (pour faire le point l\u00e9gal li\u00e9 aux expulsions)<\/span> <span class=\"meta-nav\">&rarr;<\/span><\/a><\/p>\n","protected":false},"author":5,"featured_media":1436,"comment_status":"open","ping_status":"open","sticky":false,"template":"","format":"standard","meta":{"_uag_custom_page_level_css":"","footnotes":""},"categories":[2,1],"tags":[],"class_list":["post-1871","post","type-post","status-publish","format-standard","has-post-thumbnail","hentry","category-actu-du-carnet","category-nouvelles"],"uagb_featured_image_src":{"full":["https:\/\/zadducarnet.org\/wp-content\/uploads\/2021\/01\/logozad-1012x1024-1.png",1012,1024,false],"thumbnail":["https:\/\/zadducarnet.org\/wp-content\/uploads\/2021\/01\/logozad-1012x1024-1-150x150.png",150,150,true],"medium":["https:\/\/zadducarnet.org\/wp-content\/uploads\/2021\/01\/logozad-1012x1024-1-296x300.png",296,300,true],"medium_large":["https:\/\/zadducarnet.org\/wp-content\/uploads\/2021\/01\/logozad-1012x1024-1-768x777.png",604,611,true],"large":["https:\/\/zadducarnet.org\/wp-content\/uploads\/2021\/01\/logozad-1012x1024-1.png",604,611,false],"1536x1536":["https:\/\/zadducarnet.org\/wp-content\/uploads\/2021\/01\/logozad-1012x1024-1.png",1012,1024,false],"2048x2048":["https:\/\/zadducarnet.org\/wp-content\/uploads\/2021\/01\/logozad-1012x1024-1.png",1012,1024,false],"post-thumbnail":["https:\/\/zadducarnet.org\/wp-content\/uploads\/2021\/01\/logozad-1012x1024-1-604x270.png",604,270,true]},"uagb_author_info":{"display_name":"zad_du_carnet","author_link":"https:\/\/zadducarnet.org\/index.php\/author\/zad_du_carnet\/"},"uagb_comment_info":1,"uagb_excerpt":"mis \u00e0 jour le 18\/02\/21 La ZAD du Carnet s\u2019est implant\u00e9e le 31 ao\u00fbt sur l\u2019ancienne \u00eele du Carnet. Elle se trouve jurdiquement sur deux type de propri\u00e9t\u00e9s : en rouge : les terrains qui appartiennent au Grand Port de Saint Nazaire et\/ou \u00e0 l\u2019\u00c9tat et g\u00e9r\u00e9es par le Grand Port de Nantes Saint-Nazaire en\u2026","_links":{"self":[{"href":"https:\/\/zadducarnet.org\/index.php\/wp-json\/wp\/v2\/posts\/1871","targetHints":{"allow":["GET"]}}],"collection":[{"href":"https:\/\/zadducarnet.org\/index.php\/wp-json\/wp\/v2\/posts"}],"about":[{"href":"https:\/\/zadducarnet.org\/index.php\/wp-json\/wp\/v2\/types\/post"}],"author":[{"embeddable":true,"href":"https:\/\/zadducarnet.org\/index.php\/wp-json\/wp\/v2\/users\/5"}],"replies":[{"embeddable":true,"href":"https:\/\/zadducarnet.org\/index.php\/wp-json\/wp\/v2\/comments?post=1871"}],"version-history":[{"count":11,"href":"https:\/\/zadducarnet.org\/index.php\/wp-json\/wp\/v2\/posts\/1871\/revisions"}],"predecessor-version":[{"id":1981,"href":"https:\/\/zadducarnet.org\/index.php\/wp-json\/wp\/v2\/posts\/1871\/revisions\/1981"}],"wp:featuredmedia":[{"embeddable":true,"href":"https:\/\/zadducarnet.org\/index.php\/wp-json\/wp\/v2\/media\/1436"}],"wp:attachment":[{"href":"https:\/\/zadducarnet.org\/index.php\/wp-json\/wp\/v2\/media?parent=1871"}],"wp:term":[{"taxonomy":"category","embeddable":true,"href":"https:\/\/zadducarnet.org\/index.php\/wp-json\/wp\/v2\/categories?post=1871"},{"taxonomy":"post_tag","embeddable":true,"href":"https:\/\/zadducarnet.org\/index.php\/wp-json\/wp\/v2\/tags?post=1871"}],"curies":[{"name":"wp","href":"https:\/\/api.w.org\/{rel}","templated":true}]}}