{"id":1796,"date":"2021-02-09T17:03:11","date_gmt":"2021-02-09T16:03:11","guid":{"rendered":"https:\/\/zadducarnet.org\/?p=1796"},"modified":"2021-02-10T13:49:42","modified_gmt":"2021-02-10T12:49:42","slug":"alerte-risque-dexpulsion-au-carnet","status":"publish","type":"post","link":"https:\/\/zadducarnet.org\/index.php\/2021\/02\/09\/alerte-risque-dexpulsion-au-carnet\/","title":{"rendered":"Alerte : Expulsion confirm\u00e9e au Carnet"},"content":{"rendered":"\n<p>\u00c9dition 10\/02\/2021 : On a eu la joie ce matin de se faire r\u00e9veiller par l&rsquo;huissier accompagn\u00e9 des m\u00e9chants. On nous a remis l&rsquo;ordonnance d&rsquo;expulsion.<\/p>\n\n\n\n<p>Le 4 f\u00e9vrier dernier, les \u00e9lus locaux et le g\u00e9rant du port \u00e0 sec ont mis en demeure la pr\u00e9fecture pour <a href=\"https:\/\/zadducarnet.org\/index.php\/2021\/01\/31\/rebondissement-a-la-zad-du-carnet-les-elus-contre-attaquent\/\" data-type=\"URL\" data-id=\"https:\/\/zadducarnet.org\/index.php\/2021\/01\/31\/rebondissement-a-la-zad-du-carnet-les-elus-contre-attaquent\/\">r\u00e9clamer l&rsquo;\u00e9vacuation de la ZAD du Carnet<\/a>, lors d&rsquo;une audience en r\u00e9f\u00e9r\u00e9 au tribunal administratif de Nantes. Le d\u00e9lib\u00e9r\u00e9 est attendu d&rsquo;un jour \u00e0 l&rsquo;autre.<br><br>Apr\u00e8s <a href=\"https:\/\/stopcarnet.fr\/2021\/02\/03\/stop-carnet-denonce-les-violences-subies-depuis-le-debut-de-la-mobilisation-contre-le-projet-de-zone-industrielle-au-carnet\/\" data-type=\"URL\" data-id=\"https:\/\/stopcarnet.fr\/2021\/02\/03\/stop-carnet-denonce-les-violences-subies-depuis-le-debut-de-la-mobilisation-contre-le-projet-de-zone-industrielle-au-carnet\/\">5 mois de pression<\/a> des flics, des fafs, des maires qui attendent leur ch\u00e8que, des m\u00e9dias qui nous salissent, cette fois-ci ils pensent enfin pouvoir nous mater. <br>On a de fortes raisons de penser que le rendu sera en notre d\u00e9faveur et va ordonner notre expulsion.  On s&rsquo;attend \u00e0 une intervention des flics dans les prochains jours. On a donc besoin de soutien moral, humain et mat\u00e9riel !<br><br><strong>N&rsquo;attendons pas leur d\u00e9lib\u00e9r\u00e9 pour nous organiser ! Si tu veux d\u00e9fendre la ZAD du Carnet : c&rsquo;est maintenant ou jamais !<\/strong><br><br>On a surtout besoin de monde sur place mais nous soutenir \u00e0 distance est aussi possible : n&rsquo;h\u00e9sitez pas \u00e0 monter votre <a href=\"https:\/\/zadducarnet.org\/index.php\/soutenir-la-lutte\/groupes-locaux-de-soutien\/\" data-type=\"URL\" data-id=\"https:\/\/zadducarnet.org\/index.php\/soutenir-la-lutte\/groupes-locaux-de-soutien\/\">collectif de soutien<\/a> dans votre localit\u00e9, organiser des actions en solidarit\u00e9 (collecte de matos, caisses de soutien), etc. Pour nous contacter, \u00e9crivez \u00e0 <a href=\"mailto:zadducarnet@riseup.net\">zadducarnet@riseup.net<\/a>.<br><br>Tant que le projet de zone industrielle au Carnet ne sera pas abandonn\u00e9 compl\u00e8tement, la r\u00e9sistance sera n\u00e9cessaire ! Nous continuerons de nous battre pour pr\u00e9server l\u2019\u00eele du Carnet, et continuerons d\u2019alerter sur les cons\u00e9quences de l\u2019industrialisation de l\u2019estuaire de la Loire.<br><br>La lutte continue !<br><br>\u270a Nous sommes la Loire qui se d\u00e9fend ! \u270a<br><br>La liste de nos besoins est disponible par ici : <a href=\"https:\/\/airtable.com\/shrxU9GW36SYz4mSU\/tblXcqc92tEkbbikh\">https:\/\/airtable.com\/shrxU9GW36SYz4mSU\/tblXcqc92tEkbbikh<\/a><br>Les infos pratiques pour se rendre sur la ZAD, c&rsquo;est par l\u00e0 : <a href=\"https:\/\/zadducarnet.org\/index.php\/venir-nous-rejoindre\/\">https:\/\/zadducarnet.org\/index.php\/venir-nous-rejoindre\/<\/a><br>Nos arguments contre le projet industriel du Carnet et l&rsquo;historique de la lutte : <a href=\"https:\/\/zadducarnet.org\/index.php\/2021\/01\/27\/nouvelle-brochure-sur-le-projet-industriel-du-carnet\/\">https:\/\/zadducarnet.org\/index.php\/2021\/01\/27\/nouvelle-brochure-sur-le-projet-industriel-du-carnet\/<\/a><br>Le dernier communiqu\u00e9 de presse de la ZAD : <a href=\"https:\/\/zadducarnet.org\/index.php\/2021\/01\/31\/rebondissement-a-la-zad-du-carnet-les-elus-contre-attaquent\/\">https:\/\/zadducarnet.org\/index.php\/2021\/01\/31\/rebondissement-a-la-zad-du-carnet-les-elus-contre-attaquent\/<\/a><br><br><\/p>\n","protected":false},"excerpt":{"rendered":"<p>\u00c9dition 10\/02\/2021 : On a eu la joie ce matin de se faire r\u00e9veiller par l&rsquo;huissier accompagn\u00e9 des m\u00e9chants. On nous a remis l&rsquo;ordonnance d&rsquo;expulsion. Le 4 f\u00e9vrier dernier, les \u00e9lus locaux et le g\u00e9rant du port \u00e0 sec ont mis en demeure la pr\u00e9fecture pour r\u00e9clamer l&rsquo;\u00e9vacuation de la ZAD du Carnet, lors d&rsquo;une &hellip; <a href=\"https:\/\/zadducarnet.org\/index.php\/2021\/02\/09\/alerte-risque-dexpulsion-au-carnet\/\" class=\"more-link\">Continuer la lecture de <span class=\"screen-reader-text\">Alerte : Expulsion confirm\u00e9e au Carnet<\/span> <span class=\"meta-nav\">&rarr;<\/span><\/a><\/p>\n","protected":false},"author":5,"featured_media":1807,"comment_status":"open","ping_status":"open","sticky":false,"template":"","format":"standard","meta":{"_uag_custom_page_level_css":"","footnotes":""},"categories":[2,4],"tags":[],"class_list":["post-1796","post","type-post","status-publish","format-standard","has-post-thumbnail","hentry","category-actu-du-carnet","category-repression-sur-place"],"uagb_featured_image_src":{"full":["https:\/\/zadducarnet.org\/wp-content\/uploads\/2021\/02\/alerte-expulsion.png",480,480,false],"thumbnail":["https:\/\/zadducarnet.org\/wp-content\/uploads\/2021\/02\/alerte-expulsion-150x150.png",150,150,true],"medium":["https:\/\/zadducarnet.org\/wp-content\/uploads\/2021\/02\/alerte-expulsion-300x300.png",300,300,true],"medium_large":["https:\/\/zadducarnet.org\/wp-content\/uploads\/2021\/02\/alerte-expulsion.png",480,480,false],"large":["https:\/\/zadducarnet.org\/wp-content\/uploads\/2021\/02\/alerte-expulsion.png",480,480,false],"1536x1536":["https:\/\/zadducarnet.org\/wp-content\/uploads\/2021\/02\/alerte-expulsion.png",480,480,false],"2048x2048":["https:\/\/zadducarnet.org\/wp-content\/uploads\/2021\/02\/alerte-expulsion.png",480,480,false],"post-thumbnail":["https:\/\/zadducarnet.org\/wp-content\/uploads\/2021\/02\/alerte-expulsion-480x270.png",480,270,true]},"uagb_author_info":{"display_name":"zad_du_carnet","author_link":"https:\/\/zadducarnet.org\/index.php\/author\/zad_du_carnet\/"},"uagb_comment_info":9,"uagb_excerpt":"\u00c9dition 10\/02\/2021 : On a eu la joie ce matin de se faire r\u00e9veiller par l&rsquo;huissier accompagn\u00e9 des m\u00e9chants. On nous a remis l&rsquo;ordonnance d&rsquo;expulsion. Le 4 f\u00e9vrier dernier, les \u00e9lus locaux et le g\u00e9rant du port \u00e0 sec ont mis en demeure la pr\u00e9fecture pour r\u00e9clamer l&rsquo;\u00e9vacuation de la ZAD du Carnet, lors d&rsquo;une\u2026","_links":{"self":[{"href":"https:\/\/zadducarnet.org\/index.php\/wp-json\/wp\/v2\/posts\/1796","targetHints":{"allow":["GET"]}}],"collection":[{"href":"https:\/\/zadducarnet.org\/index.php\/wp-json\/wp\/v2\/posts"}],"about":[{"href":"https:\/\/zadducarnet.org\/index.php\/wp-json\/wp\/v2\/types\/post"}],"author":[{"embeddable":true,"href":"https:\/\/zadducarnet.org\/index.php\/wp-json\/wp\/v2\/users\/5"}],"replies":[{"embeddable":true,"href":"https:\/\/zadducarnet.org\/index.php\/wp-json\/wp\/v2\/comments?post=1796"}],"version-history":[{"count":5,"href":"https:\/\/zadducarnet.org\/index.php\/wp-json\/wp\/v2\/posts\/1796\/revisions"}],"predecessor-version":[{"id":1805,"href":"https:\/\/zadducarnet.org\/index.php\/wp-json\/wp\/v2\/posts\/1796\/revisions\/1805"}],"wp:featuredmedia":[{"embeddable":true,"href":"https:\/\/zadducarnet.org\/index.php\/wp-json\/wp\/v2\/media\/1807"}],"wp:attachment":[{"href":"https:\/\/zadducarnet.org\/index.php\/wp-json\/wp\/v2\/media?parent=1796"}],"wp:term":[{"taxonomy":"category","embeddable":true,"href":"https:\/\/zadducarnet.org\/index.php\/wp-json\/wp\/v2\/categories?post=1796"},{"taxonomy":"post_tag","embeddable":true,"href":"https:\/\/zadducarnet.org\/index.php\/wp-json\/wp\/v2\/tags?post=1796"}],"curies":[{"name":"wp","href":"https:\/\/api.w.org\/{rel}","templated":true}]}}