{"id":1332,"date":"2021-01-07T19:30:03","date_gmt":"2021-01-07T18:30:03","guid":{"rendered":"https:\/\/zadducarnet.org\/?p=1332"},"modified":"2021-01-20T13:48:24","modified_gmt":"2021-01-20T12:48:24","slug":"week-end-de-chantiers-collectifs-a-la-zad-du-carnet-23-24-01","status":"publish","type":"post","link":"https:\/\/zadducarnet.org\/index.php\/2021\/01\/07\/week-end-de-chantiers-collectifs-a-la-zad-du-carnet-23-24-01\/","title":{"rendered":"Week-end de chantiers collectifs \u00e0 la ZAD du Carnet 23-24\/01"},"content":{"rendered":"\n<p>Viens te r\u00e9chauffer \u00e0 la ZAD du Carnet le samedi 23 et le dimanche 24 janvier \u00e0 l\u2019occasion du grand weekend de chantiers collectifs\u00a0!<br><br>Les temp\u00e9ratures baissent mais pas notre d\u00e9termination \u00e0 maintenir l\u2019occupation\u00a0!<br>Plusieurs chantiers sont en cours \u00e0 la ZAD du Carnet, viens donc finir avec nous ces constructions\u00a0!<br><br>Au programme du week-end\u00a0:<\/p>\n\n\n\n<ul class=\"wp-block-list\"><li>Chantier dortoir collectif \u00e0 l\u2019accueil de la zone,<\/li><li>Chantier en mixit\u00e9 choisie,<\/li><li>Animations,<\/li><li>Cantine collective.<\/li><\/ul>\n\n\n\n<p>Pour plus d&rsquo;infos sur comment venir sur la ZAD, consultez notre site web : <a href=\"https:\/\/zadducarnet.org\/index.php\/venir-nous-rejoindre\/\">https:\/\/zadducarnet.org\/index.php\/venir-nous-rejoindre\/<\/a>. Si cela est possible, ramenez de quoi vous couvrir chaudement et dormir. Sinon il y a de la place pour dormir dans des dortoirs collectifs avec des couvertures.<\/p>\n\n\n\n<p>Pense \u00e0 prendre des outils si tu peux ! En particulier nous aurons besoin d&rsquo;outils \u00e9lectriques (scies sauteuses, visseuses, disqueuses) et de scies. Pour conna\u00eetre notre liste compl\u00e8te de besoins actualis\u00e9es, c&rsquo;est ici : <a href=\"https:\/\/frama.link\/besoinscarnet\/\">https:\/\/frama.link\/besoinscarnet\/<\/a>.<\/p>\n\n\n\n<figure class=\"wp-block-image size-large\"><img loading=\"lazy\" decoding=\"async\" width=\"1024\" height=\"576\" src=\"https:\/\/zadducarnet.org\/wp-content\/uploads\/2020\/12\/1607959398936.cleaned-1024x576.jpg\" alt=\"\" class=\"wp-image-1143\" srcset=\"https:\/\/zadducarnet.org\/wp-content\/uploads\/2020\/12\/1607959398936.cleaned-1024x576.jpg 1024w, https:\/\/zadducarnet.org\/wp-content\/uploads\/2020\/12\/1607959398936.cleaned-300x169.jpg 300w, https:\/\/zadducarnet.org\/wp-content\/uploads\/2020\/12\/1607959398936.cleaned-768x432.jpg 768w, https:\/\/zadducarnet.org\/wp-content\/uploads\/2020\/12\/1607959398936.cleaned-1536x864.jpg 1536w, https:\/\/zadducarnet.org\/wp-content\/uploads\/2020\/12\/1607959398936.cleaned-2048x1152.jpg 2048w\" sizes=\"auto, (max-width: 1024px) 100vw, 1024px\" \/><\/figure>\n\n\n\n<figure class=\"wp-block-image size-large\"><img loading=\"lazy\" decoding=\"async\" width=\"1024\" height=\"735\" src=\"https:\/\/zadducarnet.org\/wp-content\/uploads\/2021\/01\/Cabane-co.cleaned-1-1024x735.jpg\" alt=\"\" class=\"wp-image-1335\" srcset=\"https:\/\/zadducarnet.org\/wp-content\/uploads\/2021\/01\/Cabane-co.cleaned-1-1024x735.jpg 1024w, https:\/\/zadducarnet.org\/wp-content\/uploads\/2021\/01\/Cabane-co.cleaned-1-300x215.jpg 300w, https:\/\/zadducarnet.org\/wp-content\/uploads\/2021\/01\/Cabane-co.cleaned-1-768x551.jpg 768w, https:\/\/zadducarnet.org\/wp-content\/uploads\/2021\/01\/Cabane-co.cleaned-1-1536x1102.jpg 1536w, https:\/\/zadducarnet.org\/wp-content\/uploads\/2021\/01\/Cabane-co.cleaned-1-2048x1469.jpg 2048w\" sizes=\"auto, (max-width: 1024px) 100vw, 1024px\" \/><\/figure>\n","protected":false},"excerpt":{"rendered":"<p>Viens te r\u00e9chauffer \u00e0 la ZAD du Carnet le samedi 23 et le dimanche 24 janvier \u00e0 l\u2019occasion du grand weekend de chantiers collectifs\u00a0! Les temp\u00e9ratures baissent mais pas notre d\u00e9termination \u00e0 maintenir l\u2019occupation\u00a0!Plusieurs chantiers sont en cours \u00e0 la ZAD du Carnet, viens donc finir avec nous ces constructions\u00a0! Au programme du week-end\u00a0: Chantier &hellip; <a href=\"https:\/\/zadducarnet.org\/index.php\/2021\/01\/07\/week-end-de-chantiers-collectifs-a-la-zad-du-carnet-23-24-01\/\" class=\"more-link\">Continuer la lecture de <span class=\"screen-reader-text\">Week-end de chantiers collectifs \u00e0 la ZAD du Carnet 23-24\/01<\/span> <span class=\"meta-nav\">&rarr;<\/span><\/a><\/p>\n","protected":false},"author":5,"featured_media":1335,"comment_status":"open","ping_status":"open","sticky":false,"template":"","format":"standard","meta":{"_uag_custom_page_level_css":"","footnotes":""},"categories":[6],"tags":[],"class_list":["post-1332","post","type-post","status-publish","format-standard","has-post-thumbnail","hentry","category-agenda-groupes-locaux"],"uagb_featured_image_src":{"full":["https:\/\/zadducarnet.org\/wp-content\/uploads\/2021\/01\/Cabane-co.cleaned-1-scaled.jpg",2560,1836,false],"thumbnail":["https:\/\/zadducarnet.org\/wp-content\/uploads\/2021\/01\/Cabane-co.cleaned-1-150x150.jpg",150,150,true],"medium":["https:\/\/zadducarnet.org\/wp-content\/uploads\/2021\/01\/Cabane-co.cleaned-1-300x215.jpg",300,215,true],"medium_large":["https:\/\/zadducarnet.org\/wp-content\/uploads\/2021\/01\/Cabane-co.cleaned-1-768x551.jpg",604,433,true],"large":["https:\/\/zadducarnet.org\/wp-content\/uploads\/2021\/01\/Cabane-co.cleaned-1-1024x735.jpg",604,434,true],"1536x1536":["https:\/\/zadducarnet.org\/wp-content\/uploads\/2021\/01\/Cabane-co.cleaned-1-1536x1102.jpg",1536,1102,true],"2048x2048":["https:\/\/zadducarnet.org\/wp-content\/uploads\/2021\/01\/Cabane-co.cleaned-1-2048x1469.jpg",2048,1469,true],"post-thumbnail":["https:\/\/zadducarnet.org\/wp-content\/uploads\/2021\/01\/Cabane-co.cleaned-1-604x270.jpg",604,270,true]},"uagb_author_info":{"display_name":"zad_du_carnet","author_link":"https:\/\/zadducarnet.org\/index.php\/author\/zad_du_carnet\/"},"uagb_comment_info":0,"uagb_excerpt":"Viens te r\u00e9chauffer \u00e0 la ZAD du Carnet le samedi 23 et le dimanche 24 janvier \u00e0 l\u2019occasion du grand weekend de chantiers collectifs\u00a0! Les temp\u00e9ratures baissent mais pas notre d\u00e9termination \u00e0 maintenir l\u2019occupation\u00a0!Plusieurs chantiers sont en cours \u00e0 la ZAD du Carnet, viens donc finir avec nous ces constructions\u00a0! Au programme du week-end\u00a0: Chantier\u2026","_links":{"self":[{"href":"https:\/\/zadducarnet.org\/index.php\/wp-json\/wp\/v2\/posts\/1332","targetHints":{"allow":["GET"]}}],"collection":[{"href":"https:\/\/zadducarnet.org\/index.php\/wp-json\/wp\/v2\/posts"}],"about":[{"href":"https:\/\/zadducarnet.org\/index.php\/wp-json\/wp\/v2\/types\/post"}],"author":[{"embeddable":true,"href":"https:\/\/zadducarnet.org\/index.php\/wp-json\/wp\/v2\/users\/5"}],"replies":[{"embeddable":true,"href":"https:\/\/zadducarnet.org\/index.php\/wp-json\/wp\/v2\/comments?post=1332"}],"version-history":[{"count":3,"href":"https:\/\/zadducarnet.org\/index.php\/wp-json\/wp\/v2\/posts\/1332\/revisions"}],"predecessor-version":[{"id":1706,"href":"https:\/\/zadducarnet.org\/index.php\/wp-json\/wp\/v2\/posts\/1332\/revisions\/1706"}],"wp:featuredmedia":[{"embeddable":true,"href":"https:\/\/zadducarnet.org\/index.php\/wp-json\/wp\/v2\/media\/1335"}],"wp:attachment":[{"href":"https:\/\/zadducarnet.org\/index.php\/wp-json\/wp\/v2\/media?parent=1332"}],"wp:term":[{"taxonomy":"category","embeddable":true,"href":"https:\/\/zadducarnet.org\/index.php\/wp-json\/wp\/v2\/categories?post=1332"},{"taxonomy":"post_tag","embeddable":true,"href":"https:\/\/zadducarnet.org\/index.php\/wp-json\/wp\/v2\/tags?post=1332"}],"curies":[{"name":"wp","href":"https:\/\/api.w.org\/{rel}","templated":true}]}}