{"id":1103,"date":"2020-12-12T12:45:29","date_gmt":"2020-12-12T11:45:29","guid":{"rendered":"https:\/\/zadducarnet.org\/?p=1103"},"modified":"2021-01-10T17:58:50","modified_gmt":"2021-01-10T16:58:50","slug":"la-repression-sintensifie-a-la-zad-du-carnet","status":"publish","type":"post","link":"https:\/\/zadducarnet.org\/index.php\/2020\/12\/12\/la-repression-sintensifie-a-la-zad-du-carnet\/","title":{"rendered":"La r\u00e9pression s&rsquo;intensifie \u00e0 la Zad du Carnet"},"content":{"rendered":"\n<p>Depuis le 20 novembre, jour o\u00f9 les gendarmes avaient voulu rentrer sur la Zad en nombre pour \u00ab\u00a0se balader\u00a0\u00bb (<a href=\"https:\/\/zadducarnet.org\/index.php\/2020\/11\/20\/la-gendarmerie-de-pornic-veut-visiter-la-zad\/\">lire l&rsquo;article en question<\/a>), la pression polici\u00e8re se reforce aux alentours de la Zad du Carnet.<\/p>\n\n\n\n<p>Les contr\u00f4les routiers, d&rsquo;identit\u00e9 et d&rsquo;attestations sont plus fr\u00e9quents. D&rsquo;autre part, les gendarmes passent r\u00e9guli\u00e8rement \u00e0 la barricade principale \u00e0 plusieurs v\u00e9hicules (3 fourgonnettes souvent). Nous d\u00e9taillerons plus tard des faits pr\u00e9cis.<\/p>\n\n\n\n<p>N&rsquo;h\u00e9sitez pas \u00e0 venir sur place nous apporter du soutien.<\/p>\n\n\n\n<p>Illustration trouv\u00e9e sur <a href=\"https:\/\/bureburebure.info\/une-nouvelle-copaine-en-prison\/\" data-type=\"URL\" data-id=\"https:\/\/bureburebure.info\/une-nouvelle-copaine-en-prison\/\">le site bureburebure.info<\/a>.<\/p>\n","protected":false},"excerpt":{"rendered":"<p>Depuis le 20 novembre, jour o\u00f9 les gendarmes avaient voulu rentrer sur la Zad en nombre pour \u00ab\u00a0se balader\u00a0\u00bb (lire l&rsquo;article en question), la pression polici\u00e8re se reforce aux alentours de la Zad du Carnet. Les contr\u00f4les routiers, d&rsquo;identit\u00e9 et d&rsquo;attestations sont plus fr\u00e9quents. D&rsquo;autre part, les gendarmes passent r\u00e9guli\u00e8rement \u00e0 la barricade principale \u00e0 &hellip; <a href=\"https:\/\/zadducarnet.org\/index.php\/2020\/12\/12\/la-repression-sintensifie-a-la-zad-du-carnet\/\" class=\"more-link\">Continuer la lecture de <span class=\"screen-reader-text\">La r\u00e9pression s&rsquo;intensifie \u00e0 la Zad du Carnet<\/span> <span class=\"meta-nav\">&rarr;<\/span><\/a><\/p>\n","protected":false},"author":5,"featured_media":1104,"comment_status":"open","ping_status":"open","sticky":false,"template":"","format":"standard","meta":{"_uag_custom_page_level_css":"","footnotes":""},"categories":[4],"tags":[],"class_list":["post-1103","post","type-post","status-publish","format-standard","has-post-thumbnail","hentry","category-repression-sur-place"],"uagb_featured_image_src":{"full":["https:\/\/zadducarnet.org\/wp-content\/uploads\/2020\/12\/lapin_keufmobile-640x480-1.png",640,480,false],"thumbnail":["https:\/\/zadducarnet.org\/wp-content\/uploads\/2020\/12\/lapin_keufmobile-640x480-1-150x150.png",150,150,true],"medium":["https:\/\/zadducarnet.org\/wp-content\/uploads\/2020\/12\/lapin_keufmobile-640x480-1-300x225.png",300,225,true],"medium_large":["https:\/\/zadducarnet.org\/wp-content\/uploads\/2020\/12\/lapin_keufmobile-640x480-1.png",604,453,false],"large":["https:\/\/zadducarnet.org\/wp-content\/uploads\/2020\/12\/lapin_keufmobile-640x480-1.png",604,453,false],"1536x1536":["https:\/\/zadducarnet.org\/wp-content\/uploads\/2020\/12\/lapin_keufmobile-640x480-1.png",640,480,false],"2048x2048":["https:\/\/zadducarnet.org\/wp-content\/uploads\/2020\/12\/lapin_keufmobile-640x480-1.png",640,480,false],"post-thumbnail":["https:\/\/zadducarnet.org\/wp-content\/uploads\/2020\/12\/lapin_keufmobile-640x480-1-604x270.png",604,270,true]},"uagb_author_info":{"display_name":"zad_du_carnet","author_link":"https:\/\/zadducarnet.org\/index.php\/author\/zad_du_carnet\/"},"uagb_comment_info":0,"uagb_excerpt":"Depuis le 20 novembre, jour o\u00f9 les gendarmes avaient voulu rentrer sur la Zad en nombre pour \u00ab\u00a0se balader\u00a0\u00bb (lire l&rsquo;article en question), la pression polici\u00e8re se reforce aux alentours de la Zad du Carnet. Les contr\u00f4les routiers, d&rsquo;identit\u00e9 et d&rsquo;attestations sont plus fr\u00e9quents. D&rsquo;autre part, les gendarmes passent r\u00e9guli\u00e8rement \u00e0 la barricade principale \u00e0\u2026","_links":{"self":[{"href":"https:\/\/zadducarnet.org\/index.php\/wp-json\/wp\/v2\/posts\/1103","targetHints":{"allow":["GET"]}}],"collection":[{"href":"https:\/\/zadducarnet.org\/index.php\/wp-json\/wp\/v2\/posts"}],"about":[{"href":"https:\/\/zadducarnet.org\/index.php\/wp-json\/wp\/v2\/types\/post"}],"author":[{"embeddable":true,"href":"https:\/\/zadducarnet.org\/index.php\/wp-json\/wp\/v2\/users\/5"}],"replies":[{"embeddable":true,"href":"https:\/\/zadducarnet.org\/index.php\/wp-json\/wp\/v2\/comments?post=1103"}],"version-history":[{"count":3,"href":"https:\/\/zadducarnet.org\/index.php\/wp-json\/wp\/v2\/posts\/1103\/revisions"}],"predecessor-version":[{"id":1108,"href":"https:\/\/zadducarnet.org\/index.php\/wp-json\/wp\/v2\/posts\/1103\/revisions\/1108"}],"wp:featuredmedia":[{"embeddable":true,"href":"https:\/\/zadducarnet.org\/index.php\/wp-json\/wp\/v2\/media\/1104"}],"wp:attachment":[{"href":"https:\/\/zadducarnet.org\/index.php\/wp-json\/wp\/v2\/media?parent=1103"}],"wp:term":[{"taxonomy":"category","embeddable":true,"href":"https:\/\/zadducarnet.org\/index.php\/wp-json\/wp\/v2\/categories?post=1103"},{"taxonomy":"post_tag","embeddable":true,"href":"https:\/\/zadducarnet.org\/index.php\/wp-json\/wp\/v2\/tags?post=1103"}],"curies":[{"name":"wp","href":"https:\/\/api.w.org\/{rel}","templated":true}]}}