{"id":1071,"date":"2020-12-10T15:41:41","date_gmt":"2020-12-10T14:41:41","guid":{"rendered":"https:\/\/zadducarnet.org\/?p=1071"},"modified":"2021-01-10T14:09:30","modified_gmt":"2021-01-10T13:09:30","slug":"en-solidarite-avec-la-dannenroder-forst-zad-allemande","status":"publish","type":"post","link":"https:\/\/zadducarnet.org\/index.php\/2020\/12\/10\/en-solidarite-avec-la-dannenroder-forst-zad-allemande\/","title":{"rendered":"En solidarit\u00e9 avec les militants de la for\u00eat de Dannenr\u00f6der, Zad allemande !"},"content":{"rendered":"\n<p>[en fran\u00e7ais ci-dessous]<\/p>\n\n\n\n<figure class=\"wp-block-image size-large\"><img loading=\"lazy\" decoding=\"async\" width=\"1024\" height=\"768\" src=\"https:\/\/zadducarnet.org\/wp-content\/uploads\/2020\/11\/1606229308722-1024x768.jpg\" alt=\"\" class=\"wp-image-996\" srcset=\"https:\/\/zadducarnet.org\/wp-content\/uploads\/2020\/11\/1606229308722-1024x768.jpg 1024w, https:\/\/zadducarnet.org\/wp-content\/uploads\/2020\/11\/1606229308722-300x225.jpg 300w, https:\/\/zadducarnet.org\/wp-content\/uploads\/2020\/11\/1606229308722-768x576.jpg 768w, https:\/\/zadducarnet.org\/wp-content\/uploads\/2020\/11\/1606229308722-1536x1152.jpg 1536w, https:\/\/zadducarnet.org\/wp-content\/uploads\/2020\/11\/1606229308722-2048x1536.jpg 2048w\" sizes=\"auto, (max-width: 1024px) 100vw, 1024px\" \/><\/figure>\n\n\n\n<p>Im internationalem Kampf vereint &#8211; stehen win solidarisch und Genossinnen im Dannenr\u00f6der Forst<br>Wenn mit Polizeigewalt und staatlicher Repression versucht wird uns unsere Zufunkt und Freiheit zu nehmen, erstarken wir im gemeinsamen Widerstand.<br>Wir werden nicht stoppen ehe die Ketten des kapitalistischen Systems gebrochen, und die Fabriken ihrer zerst\u00f6rischen Politik geschlossen sind!<\/p>\n\n\n\n<p>Wir sind eurem Kamp t\u00e4glich gefolgt; er hat uns motiviert und best\u00e4rkt weiter zu gehen<br>Dann bleibt stark!<br>unser Widerstand hat gerade erst begonnen<\/p>\n\n\n\n<p>ZAD du Carnet<\/p>\n\n\n\n<p>PS. schickt uns bier<\/p>\n\n\n\n<hr class=\"wp-block-separator\"\/>\n\n\n\n<p>Notre combat est international, nous sommes solidaires avec les militants de la for\u00eat de Dannenr\u00f6der ! La r\u00e9pression \u00e9tatique et les violences polici\u00e8res ont frapp\u00e9 durement pour supprimer les libert\u00e9s et r\u00e9quisitionner les terres.<\/p>\n\n\n\n<p>Nous n&rsquo;arr\u00eaterons pas notre combat tant que les cha\u00eenes du capitalisme ne seront pas bris\u00e9es et que les usines qui d\u00e9truisent nos vies ne seront pas ferm\u00e9es.<\/p>\n\n\n\n<p>La coop\u00e9ration est n\u00e9cessaire pour agir collectivement. Nous suivons avec attention votre lutte qui est \u00e9galement la n\u00f4tre.<\/p>\n\n\n\n<p>Danny, restez forts !<br>La solidarit\u00e9 n&rsquo;a pas de fronti\u00e8res !<\/p>\n\n\n\n<p>ZAD du Carnet<\/p>\n\n\n\n<p>PS : envoyez-nous des mousses !<\/p>\n\n\n\n<hr class=\"wp-block-separator\"\/>\n\n\n\n<h2 class=\"wp-block-heading\">Pour en savoir plus sur le combat de la for\u00eat de la Dannenr\u00f6der <\/h2>\n\n\n\n<p>Le 10 novembre a commenc\u00e9 l\u2019expulsion de la for\u00eat de Danni, squatt\u00e9e depuis septembre 2019. De nombreux villages de cabanes perch\u00e9es, toutes plus ing\u00e9nieuses les unes que les autres, situ\u00e9es sur le couloir de construction du tron\u00e7on d\u2019autoroute A49 sont attaqu\u00e9es et expuls\u00e9es par la police. L\u2019entreprise Deges a d\u00e9j\u00e0 d\u00e9truit 85 hectares des for\u00eat de Herrenwald, de Maulbache et de Dannenr\u00f6der. Suite \u00e0 des appels publics, environ mille personnes sont venues d\u00e9fendre la for\u00eat mais suite \u00e0 l\u2019intervention quotidienne des flics, plusieurs personnes tomb\u00e9es de haut sont bless\u00e9es, parfois gravement, beaucoup de personnes ont \u00e9t\u00e9 arr\u00eat\u00e9es et quelques personnes sont jet\u00e9es en prison, \u00e0 l\u2019isolement entre autres pour avoir refus\u00e9 de donner leur identit\u00e9.<\/p>\n\n\n\n<p>En plein milieu de la crise sanitaire, l\u2019entreprise de construction Deges n\u2019h\u00e9site pas \u00e0 proc\u00e9der \u00e0 la construction de ce tron\u00e7on d\u2019autoroute qui risque de polluer des sources d\u2019eau potable qui desservent 500 000 personnes dans la r\u00e9gion. Dans un contexte de r\u00e9chauffement climatique critique, la d\u00e9cision de l\u2019Etat allemand de collaborer avec ce projet pour son profit provoquera la d\u00e9forestation d\u2019une partie de la r\u00e9serve naturelle de la zone de Danni o\u00f9 plus de 1 000 hectares de terres sont cultiv\u00e9s depuis plus de 300 ans. En envoyant des centaines de flics occuper la zone, proc\u00e9der \u00e0 l\u2019expulsion et \u00e0 la d\u00e9forestation en m\u00eame temps, l\u2019Etat se met comme toujours au service de ceux qui recherchent \u00e0 tout prix \u00e0 faire du biff sur nos vies.<\/p>\n\n\n\n<p>Infos extraites de Squat.net : <a rel=\"noreferrer noopener\" href=\"https:\/\/fr.squat.net\/2020\/12\/04\/foret-de-dannenroder-allemagne-appel-a-solidarite\/\" target=\"_blank\">https:\/\/fr.squat.net\/2020\/12\/04\/foret-de-dannenroder-allemagne-appel-a-solidarite\/<\/a><\/p>\n","protected":false},"excerpt":{"rendered":"<p>[en fran\u00e7ais ci-dessous] Im internationalem Kampf vereint &#8211; stehen win solidarisch und Genossinnen im Dannenr\u00f6der ForstWenn mit Polizeigewalt und staatlicher Repression versucht wird uns unsere Zufunkt und Freiheit zu nehmen, erstarken wir im gemeinsamen Widerstand.Wir werden nicht stoppen ehe die Ketten des kapitalistischen Systems gebrochen, und die Fabriken ihrer zerst\u00f6rischen Politik geschlossen sind! Wir sind &hellip; <a href=\"https:\/\/zadducarnet.org\/index.php\/2020\/12\/10\/en-solidarite-avec-la-dannenroder-forst-zad-allemande\/\" class=\"more-link\">Continuer la lecture de <span class=\"screen-reader-text\">En solidarit\u00e9 avec les militants de la for\u00eat de Dannenr\u00f6der, Zad allemande !<\/span> <span class=\"meta-nav\">&rarr;<\/span><\/a><\/p>\n","protected":false},"author":1,"featured_media":996,"comment_status":"open","ping_status":"open","sticky":false,"template":"","format":"standard","meta":{"_uag_custom_page_level_css":"","footnotes":""},"categories":[40],"tags":[],"class_list":["post-1071","post","type-post","status-publish","format-standard","has-post-thumbnail","hentry","category-luttes-amies-2"],"uagb_featured_image_src":{"full":["https:\/\/zadducarnet.org\/wp-content\/uploads\/2020\/11\/1606229308722-scaled.jpg",2560,1920,false],"thumbnail":["https:\/\/zadducarnet.org\/wp-content\/uploads\/2020\/11\/1606229308722-150x150.jpg",150,150,true],"medium":["https:\/\/zadducarnet.org\/wp-content\/uploads\/2020\/11\/1606229308722-300x225.jpg",300,225,true],"medium_large":["https:\/\/zadducarnet.org\/wp-content\/uploads\/2020\/11\/1606229308722-768x576.jpg",604,453,true],"large":["https:\/\/zadducarnet.org\/wp-content\/uploads\/2020\/11\/1606229308722-1024x768.jpg",604,453,true],"1536x1536":["https:\/\/zadducarnet.org\/wp-content\/uploads\/2020\/11\/1606229308722-1536x1152.jpg",1536,1152,true],"2048x2048":["https:\/\/zadducarnet.org\/wp-content\/uploads\/2020\/11\/1606229308722-2048x1536.jpg",2048,1536,true],"post-thumbnail":["https:\/\/zadducarnet.org\/wp-content\/uploads\/2020\/11\/1606229308722-604x270.jpg",604,270,true]},"uagb_author_info":{"display_name":"zadducarnet","author_link":"https:\/\/zadducarnet.org\/index.php\/author\/admin8203\/"},"uagb_comment_info":0,"uagb_excerpt":"[en fran\u00e7ais ci-dessous] Im internationalem Kampf vereint &#8211; stehen win solidarisch und Genossinnen im Dannenr\u00f6der ForstWenn mit Polizeigewalt und staatlicher Repression versucht wird uns unsere Zufunkt und Freiheit zu nehmen, erstarken wir im gemeinsamen Widerstand.Wir werden nicht stoppen ehe die Ketten des kapitalistischen Systems gebrochen, und die Fabriken ihrer zerst\u00f6rischen Politik geschlossen sind! Wir sind\u2026","_links":{"self":[{"href":"https:\/\/zadducarnet.org\/index.php\/wp-json\/wp\/v2\/posts\/1071","targetHints":{"allow":["GET"]}}],"collection":[{"href":"https:\/\/zadducarnet.org\/index.php\/wp-json\/wp\/v2\/posts"}],"about":[{"href":"https:\/\/zadducarnet.org\/index.php\/wp-json\/wp\/v2\/types\/post"}],"author":[{"embeddable":true,"href":"https:\/\/zadducarnet.org\/index.php\/wp-json\/wp\/v2\/users\/1"}],"replies":[{"embeddable":true,"href":"https:\/\/zadducarnet.org\/index.php\/wp-json\/wp\/v2\/comments?post=1071"}],"version-history":[{"count":5,"href":"https:\/\/zadducarnet.org\/index.php\/wp-json\/wp\/v2\/posts\/1071\/revisions"}],"predecessor-version":[{"id":1162,"href":"https:\/\/zadducarnet.org\/index.php\/wp-json\/wp\/v2\/posts\/1071\/revisions\/1162"}],"wp:featuredmedia":[{"embeddable":true,"href":"https:\/\/zadducarnet.org\/index.php\/wp-json\/wp\/v2\/media\/996"}],"wp:attachment":[{"href":"https:\/\/zadducarnet.org\/index.php\/wp-json\/wp\/v2\/media?parent=1071"}],"wp:term":[{"taxonomy":"category","embeddable":true,"href":"https:\/\/zadducarnet.org\/index.php\/wp-json\/wp\/v2\/categories?post=1071"},{"taxonomy":"post_tag","embeddable":true,"href":"https:\/\/zadducarnet.org\/index.php\/wp-json\/wp\/v2\/tags?post=1071"}],"curies":[{"name":"wp","href":"https:\/\/api.w.org\/{rel}","templated":true}]}}